{"id":10873,"date":"2013-12-09T14:17:45","date_gmt":"2013-12-09T13:17:45","guid":{"rendered":"http:\/\/www.michael-floessel.de\/mfblog\/?p=10873"},"modified":"2015-10-23T17:50:43","modified_gmt":"2015-10-23T15:50:43","slug":"microsoft-verlaengert-verkauf-von-windows-7-heise-online","status":"publish","type":"post","link":"https:\/\/www.michael-floessel.de\/mfblog\/microsoft-verlaengert-verkauf-von-windows-7-heise-online\/","title":{"rendered":"Microsoft verl\u00e4ngert Verkauf von Windows 7 | heise online"},"content":{"rendered":"<p>Ich bin kein Freund von Windows 8, das gebe ich gerne zu. Auch viele Leute in meinem Umfeld m\u00f6gen&#8217;s nicht, offensichtlich sehen das viele Menschen so:<\/p>\n<p><strong><a title=\"Microsoft verl\u00e4ngert Verkauf von Windows 7 | heise online\" href=\"http:\/\/www.heise.de\/newsticker\/meldung\/Microsoft-verlaengert-Verkauf-von-Windows-7-2062548.html\" target=\"_blank\">Microsoft verl\u00e4ngert Verkauf von Windows 7 | heise online<\/a><\/strong>.<\/p>\n<p>Jedenfalls w\u00fcsste ich sonst keinen Grund, warum MS an den bekannten Fristen etwas \u00e4ndern sollte. Laut dem Bericht ist das endg\u00fcltige Verkaufsende aber noch ungewiss.<\/p>\n<p>&nbsp;<br \/>\n&nbsp;<\/p>\n<hr \/>\n<p>Anzeige:<\/p>\n<p><strong>Elektronik? Bei Reichelt <img src=\"https:\/\/www.michael-floessel.de\/mfblog\/wp-content\/plugins\/classic-smilies\/img\/icon_wink.gif\" alt=\";-)\" class=\"wp-smiley\" style=\"height: 1em; max-height: 1em;\" \/><\/p>\n<p><!-- BEGIN PARTNER PROGRAM - DO NOT CHANGE THE PARAMETERS OF THE HYPERLINK --><a href=\"http:\/\/partners.webmasterplan.com\/click.asp?ref=15882&#038;site=8948&#038;type=text&#038;tnb=22\" target=\"_blank\">Aktive Bauelemente<\/a><br \/><img decoding=\"async\" src=\"http:\/\/banners.webmasterplan.com\/view.asp?ref=15882&#038;site=8948&#038;type=text&#038;tnb=22\" BORDER=\"0\" WIDTH=\"1\" HEIGHT=\"1\" \/><br \/><!-- END PARTNER PROGRAM --><!-- BEGIN PARTNER PROGRAM - DO NOT CHANGE THE PARAMETERS OF THE HYPERLINK --><a href=\"http:\/\/partners.webmasterplan.com\/click.asp?ref=15882&#038;site=8948&#038;type=text&#038;tnb=21\" target=\"_blank\">Relais<\/a><br \/><img decoding=\"async\" src=\"http:\/\/banners.webmasterplan.com\/view.asp?ref=15882&#038;site=8948&#038;type=text&#038;tnb=21\" BORDER=\"0\" WIDTH=\"1\" HEIGHT=\"1\" \/><br \/><!-- END PARTNER PROGRAM --><!-- BEGIN PARTNER PROGRAM - DO NOT CHANGE THE PARAMETERS OF THE HYPERLINK --><a href=\"http:\/\/partners.webmasterplan.com\/click.asp?ref=15882&#038;site=8948&#038;type=text&#038;tnb=19\" target=\"_blank\">Messtechnik<\/a><br \/><img decoding=\"async\" src=\"http:\/\/banners.webmasterplan.com\/view.asp?ref=15882&#038;site=8948&#038;type=text&#038;tnb=19\" BORDER=\"0\" WIDTH=\"1\" HEIGHT=\"1\" \/><br \/><!-- END PARTNER PROGRAM --><br \/>\n<\/strong><\/p>\n<hr \/>\n<p>&nbsp;<\/p>\n<p>&nbsp;<\/p>\n<p>&nbsp;<\/p>\n<!-- relpost-thumb-wrapper --><div class=\"relpost-thumb-wrapper\"><!-- filter-class --><div class=\"relpost-thumb-container\"><style>.relpost-block-single-image, .relpost-post-image { margin-bottom: 10px; }<\/style><h3>Related posts:<\/h3><div style=\"clear: both\"><\/div><div style=\"clear: both\"><\/div><!-- relpost-block-container --><div class=\"relpost-block-container relpost-block-column-layout\" style=\"--relposth-columns: 4;--relposth-columns_t: 3; --relposth-columns_m: 2\"><a href=\"https:\/\/www.michael-floessel.de\/mfblog\/fur-windows-ist-dienstag-patchtag-heise-online\/\"class=\"relpost-block-single\" ><div class=\"relpost-custom-block-single\"><div class=\"relpost-block-single-image rpt-lazyload\" aria-hidden=\"true\" role=\"img\" data-bg=\"https:\/\/www.michael-floessel.de\/mfblog\/wp-content\/uploads\/2026\/04\/the-joker-pic-4-michael-floessel.de_.jpg\" style=\"background: transparent no-repeat scroll 0% 0%; width: 1000px; height: 288px; aspect-ratio: 16\/9;\"><\/div><div class=\"relpost-block-single-text\"  style=\"height: 75px;font-family: Arial;  font-size: 12px;  color: rgb(237,201,23);\"><h4 class=\"relpost_card_title\">F\u00fcr Windows ist Dienstag Patchtag | heise online<\/h4><\/div><\/div><\/a><a href=\"https:\/\/www.michael-floessel.de\/mfblog\/erste-eindrucke-zur-ssd\/\"class=\"relpost-block-single\" ><div class=\"relpost-custom-block-single\"><div class=\"relpost-block-single-image rpt-lazyload\" aria-hidden=\"true\" role=\"img\" data-bg=\"https:\/\/www.michael-floessel.de\/mfblog\/wp-content\/uploads\/2026\/04\/the-joker-pic-4-michael-floessel.de_.jpg\" style=\"background: transparent no-repeat scroll 0% 0%; width: 1000px; height: 288px; aspect-ratio: 16\/9;\"><\/div><div class=\"relpost-block-single-text\"  style=\"height: 75px;font-family: Arial;  font-size: 12px;  color: rgb(237,201,23);\"><h4 class=\"relpost_card_title\">Erste Eindr\u00fccke zur SSD<\/h4><\/div><\/div><\/a><a href=\"https:\/\/www.michael-floessel.de\/mfblog\/noch-eine-notiz-an-mich\/\"class=\"relpost-block-single\" ><div class=\"relpost-custom-block-single\"><div class=\"relpost-block-single-image rpt-lazyload\" aria-hidden=\"true\" role=\"img\" data-bg=\"https:\/\/www.michael-floessel.de\/mfblog\/wp-content\/uploads\/2026\/04\/the-joker-pic-4-michael-floessel.de_.jpg\" style=\"background: transparent no-repeat scroll 0% 0%; width: 1000px; height: 288px; aspect-ratio: 16\/9;\"><\/div><div class=\"relpost-block-single-text\"  style=\"height: 75px;font-family: Arial;  font-size: 12px;  color: rgb(237,201,23);\"><h4 class=\"relpost_card_title\">Noch eine Notiz an mich!<\/h4><\/div><\/div><\/a><a href=\"https:\/\/www.michael-floessel.de\/mfblog\/zwangspause-mit-dem-hp-17f-258ng\/\"class=\"relpost-block-single\" ><div class=\"relpost-custom-block-single\"><div class=\"relpost-block-single-image rpt-lazyload\" aria-hidden=\"true\" role=\"img\" data-bg=\"https:\/\/www.michael-floessel.de\/mfblog\/wp-content\/uploads\/2015\/03\/HP_17-f258ng_-_header-1000x288.jpg\" style=\"background: transparent no-repeat scroll 0% 0%; width: 1000px; height: 288px; aspect-ratio: 16\/9;\"><\/div><div class=\"relpost-block-single-text\"  style=\"height: 75px;font-family: Arial;  font-size: 12px;  color: rgb(237,201,23);\"><h4 class=\"relpost_card_title\">Zwangspause mit dem HP 17f-258ng<\/h4><\/div><\/div><\/a><\/div><!-- close relpost-block-container --><div style=\"clear: both\"><\/div><\/div><!-- close filter class --><\/div><!-- close relpost-thumb-wrapper -->","protected":false},"excerpt":{"rendered":"<p>Ich bin kein Freund von Windows 8, das gebe ich gerne zu. Auch viele Leute in meinem Umfeld m\u00f6gen&#8217;s nicht, offensichtlich sehen das viele Menschen so: Microsoft verl\u00e4ngert Verkauf von Windows 7 | heise online. Jedenfalls w\u00fcsste ich sonst keinen &hellip; <a href=\"https:\/\/www.michael-floessel.de\/mfblog\/microsoft-verlaengert-verkauf-von-windows-7-heise-online\/\">Weiterlesen <span class=\"meta-nav\">&rarr;<\/span><\/a><\/p>\n","protected":false},"author":2,"featured_media":0,"comment_status":"open","ping_status":"open","sticky":false,"template":"","format":"standard","meta":{"_monsterinsights_skip_tracking":false,"_monsterinsights_sitenote_active":false,"_monsterinsights_sitenote_note":"","_monsterinsights_sitenote_category":0,"footnotes":""},"categories":[7,13],"tags":[1063,1829,1998],"class_list":["post-10873","post","type-post","status-publish","format-standard","hentry","category-links","category-pc-multimedia-netzwerk","tag-microsoft","tag-verkauf","tag-windows-7"],"aioseo_notices":[],"_links":{"self":[{"href":"https:\/\/www.michael-floessel.de\/mfblog\/wp-json\/wp\/v2\/posts\/10873","targetHints":{"allow":["GET"]}}],"collection":[{"href":"https:\/\/www.michael-floessel.de\/mfblog\/wp-json\/wp\/v2\/posts"}],"about":[{"href":"https:\/\/www.michael-floessel.de\/mfblog\/wp-json\/wp\/v2\/types\/post"}],"author":[{"embeddable":true,"href":"https:\/\/www.michael-floessel.de\/mfblog\/wp-json\/wp\/v2\/users\/2"}],"replies":[{"embeddable":true,"href":"https:\/\/www.michael-floessel.de\/mfblog\/wp-json\/wp\/v2\/comments?post=10873"}],"version-history":[{"count":0,"href":"https:\/\/www.michael-floessel.de\/mfblog\/wp-json\/wp\/v2\/posts\/10873\/revisions"}],"wp:attachment":[{"href":"https:\/\/www.michael-floessel.de\/mfblog\/wp-json\/wp\/v2\/media?parent=10873"}],"wp:term":[{"taxonomy":"category","embeddable":true,"href":"https:\/\/www.michael-floessel.de\/mfblog\/wp-json\/wp\/v2\/categories?post=10873"},{"taxonomy":"post_tag","embeddable":true,"href":"https:\/\/www.michael-floessel.de\/mfblog\/wp-json\/wp\/v2\/tags?post=10873"}],"curies":[{"name":"wp","href":"https:\/\/api.w.org\/{rel}","templated":true}]}}