{"id":11003,"date":"2013-12-15T05:48:22","date_gmt":"2013-12-15T04:48:22","guid":{"rendered":"http:\/\/www.michael-floessel.de\/mfblog\/?p=11003"},"modified":"2013-12-14T22:49:05","modified_gmt":"2013-12-14T21:49:05","slug":"3-advent-2013","status":"publish","type":"post","link":"https:\/\/www.michael-floessel.de\/mfblog\/3-advent-2013\/","title":{"rendered":"3. Advent 2013"},"content":{"rendered":"<p><a href=\"http:\/\/www.michael-floessel.de\/mfblog\/wp-content\/uploads\/2012\/12\/alles_gute_zum_1_advent_kerze.jpg\"><img loading=\"lazy\" decoding=\"async\" class=\"alignleft size-medium wp-image-5969\" alt=\"www.michael-floessel.de wuenscht einen friedlichen 1. advent\" src=\"http:\/\/www.michael-floessel.de\/mfblog\/wp-content\/uploads\/2012\/12\/alles_gute_zum_1_advent_kerze-203x300.jpg\" width=\"203\" height=\"300\" srcset=\"https:\/\/www.michael-floessel.de\/mfblog\/wp-content\/uploads\/2012\/12\/alles_gute_zum_1_advent_kerze-203x300.jpg 203w, https:\/\/www.michael-floessel.de\/mfblog\/wp-content\/uploads\/2012\/12\/alles_gute_zum_1_advent_kerze.jpg 528w\" sizes=\"auto, (max-width: 203px) 100vw, 203px\" \/><\/a><\/p>\n<p>Nat\u00fcrlich m\u00f6chte ich auch zum 3. Advent meinen Lesern wieder Ruhe und Frieden w\u00fcnschen. Warum ich dieses immer mache? Weil es zu wenig davon gibt und die Adventszeit manchmal Gelegenheit gibt, sich daran zu erinnern <img src=\"https:\/\/www.michael-floessel.de\/mfblog\/wp-content\/plugins\/classic-smilies\/img\/icon_smile.gif\" alt=\":-)\" class=\"wp-smiley\" style=\"height: 1em; max-height: 1em;\" \/><\/p>\n<p>&nbsp;<\/p>\n<p>&nbsp;<\/p>\n<p>&nbsp;<\/p>\n<p>&nbsp;<\/p>\n<p>&nbsp;<\/p>\n<p>&nbsp;<\/p>\n<p>&nbsp;<br \/>\n<!-- BEGIN PARTNER PROGRAM - DO NOT CHANGE THE PARAMETERS OF THE HYPERLINK --><br \/>\n<a href=\"http:\/\/partners.webmasterplan.com\/click.asp?ref=15882&#038;site=10457&#038;type=b38&#038;bnb=38\" target=\"_blank\"><br \/>\n<img loading=\"lazy\" decoding=\"async\" src=\"http:\/\/banners.webmasterplan.com\/view.asp?ref=15882&#038;site=10457&#038;b=38\" border=\"0\" title=\"Toroleo \u2013 Der Autoteile-Preisvergleich\" alt=\"Toroleo \u2013 Der Autoteile-Preisvergleich\" width=\"468\" height=\"60\" \/><\/a><br \/>\n<!-- END PARTNER PROGRAM --><br \/>\n&nbsp;<\/p>\n<!-- relpost-thumb-wrapper --><div class=\"relpost-thumb-wrapper\"><!-- filter-class --><div class=\"relpost-thumb-container\"><h3>Related posts:<\/h3><div style=\"clear: both\"><\/div><div style=\"clear: both\"><\/div><!-- relpost-block-container --><div class=\"relpost-block-container relpost-block-column-layout\" style=\"--relposth-columns: 4;--relposth-columns_t: 3; --relposth-columns_m: 2\"><a href=\"https:\/\/www.michael-floessel.de\/mfblog\/abwesenheit-die-2\/\"class=\"relpost-block-single\" ><div class=\"relpost-custom-block-single\"><div class=\"relpost-block-single-image rpt-lazyload\" aria-hidden=\"true\" role=\"img\" data-bg=\"https:\/\/www.michael-floessel.de\/mfblog\/wp-content\/uploads\/2026\/04\/the-joker-pic-4-michael-floessel.de_.jpg\" style=\"background: transparent no-repeat scroll 0% 0%; width: 1000px; height: 288px; aspect-ratio: 16\/9;\"><\/div><div class=\"relpost-block-single-text\"  style=\"height: 75px;font-family: Arial;  font-size: 12px;  color: rgb(237,201,23);\"><h4 class=\"relpost_card_title\">Abwesenheit die 2.<\/h4><\/div><\/div><\/a><a href=\"https:\/\/www.michael-floessel.de\/mfblog\/pkw-maut-fuer-deutsche-durch-die-hintertuer\/\"class=\"relpost-block-single\" ><div class=\"relpost-custom-block-single\"><div class=\"relpost-block-single-image rpt-lazyload\" aria-hidden=\"true\" role=\"img\" data-bg=\"https:\/\/www.michael-floessel.de\/mfblog\/wp-content\/uploads\/2026\/04\/the-joker-pic-4-michael-floessel.de_.jpg\" style=\"background: transparent no-repeat scroll 0% 0%; width: 1000px; height: 288px; aspect-ratio: 16\/9;\"><\/div><div class=\"relpost-block-single-text\"  style=\"height: 75px;font-family: Arial;  font-size: 12px;  color: rgb(237,201,23);\"><h4 class=\"relpost_card_title\">Pkw-Maut f\u00fcr Deutsche durch die Hintert\u00fcr?<\/h4><\/div><\/div><\/a><a href=\"https:\/\/www.michael-floessel.de\/mfblog\/willkommen-2015\/\"class=\"relpost-block-single\" ><div class=\"relpost-custom-block-single\"><div class=\"relpost-block-single-image rpt-lazyload\" aria-hidden=\"true\" role=\"img\" data-bg=\"https:\/\/www.michael-floessel.de\/mfblog\/wp-content\/uploads\/2015\/01\/Feuerwerk3.gif\" style=\"background: transparent no-repeat scroll 0% 0%; width: 1000px; height: 288px; aspect-ratio: 16\/9;\"><\/div><div class=\"relpost-block-single-text\"  style=\"height: 75px;font-family: Arial;  font-size: 12px;  color: rgb(237,201,23);\"><h4 class=\"relpost_card_title\">Willkommen 2015<\/h4><\/div><\/div><\/a><a href=\"https:\/\/www.michael-floessel.de\/mfblog\/mobiles-internet-in-deutschland-geringes-datenvolumen-hohe-kosten-giga\/\"class=\"relpost-block-single\" ><div class=\"relpost-custom-block-single\"><div class=\"relpost-block-single-image rpt-lazyload\" aria-hidden=\"true\" role=\"img\" data-bg=\"https:\/\/www.michael-floessel.de\/mfblog\/wp-content\/uploads\/2026\/04\/the-joker-pic-4-michael-floessel.de_.jpg\" style=\"background: transparent no-repeat scroll 0% 0%; width: 1000px; height: 288px; aspect-ratio: 16\/9;\"><\/div><div class=\"relpost-block-single-text\"  style=\"height: 75px;font-family: Arial;  font-size: 12px;  color: rgb(237,201,23);\"><h4 class=\"relpost_card_title\">Mobiles Internet in Deutschland: Geringes Datenvolumen, hohe Kosten \u2013 GIGA<\/h4><\/div><\/div><\/a><\/div><!-- close relpost-block-container --><div style=\"clear: both\"><\/div><\/div><!-- close filter class --><\/div><!-- close relpost-thumb-wrapper -->","protected":false},"excerpt":{"rendered":"<p>Nat\u00fcrlich m\u00f6chte ich auch zum 3. Advent meinen Lesern wieder Ruhe und Frieden w\u00fcnschen. Warum ich dieses immer mache? Weil es zu wenig davon gibt und die Adventszeit manchmal Gelegenheit gibt, sich daran zu erinnern &nbsp; &nbsp; &nbsp; &nbsp; &nbsp; &hellip; <a href=\"https:\/\/www.michael-floessel.de\/mfblog\/3-advent-2013\/\">Weiterlesen <span class=\"meta-nav\">&rarr;<\/span><\/a><\/p>\n","protected":false},"author":2,"featured_media":10811,"comment_status":"open","ping_status":"open","sticky":false,"template":"","format":"standard","meta":{"_monsterinsights_skip_tracking":false,"footnotes":""},"categories":[156,8],"tags":[987,103,795],"class_list":["post-11003","post","type-post","status-publish","format-standard","has-post-thumbnail","hentry","category-nix-technisches-und-aus-dem-realen-leben","category-personliches","tag-987","tag-103","tag-advent"],"aioseo_notices":[],"aioseo_head":"\n\t\t<!-- All in One SEO 5.0.1.1 - aioseo.com -->\n\t<meta name=\"description\" content=\"Nat\u00fcrlich m\u00f6chte ich auch zum 3. Advent meinen Lesern wieder Ruhe und Frieden w\u00fcnschen. Warum ich dieses immer mache? Weil es zu wenig davon gibt und die Adventszeit manchmal Gelegenheit gibt, sich daran zu erinnern :-)\" \/>\n\t<meta name=\"robots\" content=\"max-image-preview:large\" \/>\n\t<meta name=\"author\" content=\"Michael F.\"\/>\n\t<link rel=\"canonical\" href=\"https:\/\/www.michael-floessel.de\/mfblog\/3-advent-2013\/\" \/>\n\t<meta name=\"generator\" content=\"All in One SEO (AIOSEO) 5.0.1.1\" \/>\n\t\t<meta property=\"og:locale\" content=\"de_DE\" \/>\n\t\t<meta property=\"og:site_name\" content=\"Michael-Floessel.de - Blog - Hobby, Elektronik und Alltag\" \/>\n\t\t<meta property=\"og:type\" content=\"article\" \/>\n\t\t<meta property=\"og:title\" content=\"3. Advent 2013 - Michael-Floessel.de - Blog\" \/>\n\t\t<meta property=\"og:description\" content=\"Nat\u00fcrlich m\u00f6chte ich auch zum 3. Advent meinen Lesern wieder Ruhe und Frieden w\u00fcnschen. Warum ich dieses immer mache? Weil es zu wenig davon gibt und die Adventszeit manchmal Gelegenheit gibt, sich daran zu erinnern :-)\" \/>\n\t\t<meta property=\"og:url\" content=\"https:\/\/www.michael-floessel.de\/mfblog\/3-advent-2013\/\" \/>\n\t\t<meta property=\"article:published_time\" content=\"2013-12-15T04:48:22+00:00\" \/>\n\t\t<meta property=\"article:modified_time\" content=\"2013-12-14T21:49:05+00:00\" \/>\n\t\t<meta property=\"article:publisher\" content=\"https:\/\/www.facebook.com\/michael.floessel.5\/\" \/>\n\t\t<meta name=\"twitter:card\" content=\"summary\" \/>\n\t\t<meta name=\"twitter:site\" content=\"@Der_M_mit_F\" \/>\n\t\t<meta name=\"twitter:title\" content=\"3. Advent 2013 - Michael-Floessel.de - Blog\" \/>\n\t\t<meta name=\"twitter:description\" content=\"Nat\u00fcrlich m\u00f6chte ich auch zum 3. Advent meinen Lesern wieder Ruhe und Frieden w\u00fcnschen. Warum ich dieses immer mache? Weil es zu wenig davon gibt und die Adventszeit manchmal Gelegenheit gibt, sich daran zu erinnern :-)\" \/>\n\t\t<meta name=\"twitter:image\" content=\"https:\/\/www.michael-floessel.de\/mfblog\/wp-content\/uploads\/2013\/12\/1.Advent_2013.jpg\" \/>\n\t\t<script type=\"application\/ld+json\" class=\"aioseo-schema\">\n\t\t\t{\"@context\":\"https:\\\/\\\/schema.org\",\"@graph\":[{\"@type\":\"BlogPosting\",\"@id\":\"https:\\\/\\\/www.michael-floessel.de\\\/mfblog\\\/3-advent-2013\\\/#blogposting\",\"name\":\"3. Advent 2013 - Michael-Floessel.de - Blog\",\"headline\":\"3. Advent 2013\",\"author\":{\"@id\":\"https:\\\/\\\/www.michael-floessel.de\\\/mfblog\\\/author\\\/michael-f\\\/#author\"},\"publisher\":{\"@id\":\"https:\\\/\\\/www.michael-floessel.de\\\/mfblog\\\/#person\"},\"image\":{\"@type\":\"ImageObject\",\"url\":\"https:\\\/\\\/www.michael-floessel.de\\\/mfblog\\\/wp-content\\\/uploads\\\/2013\\\/12\\\/1.Advent_2013.jpg\",\"width\":1000,\"height\":839},\"datePublished\":\"2013-12-15T05:48:22+01:00\",\"dateModified\":\"2013-12-14T22:49:05+01:00\",\"inLanguage\":\"de-DE\",\"mainEntityOfPage\":{\"@id\":\"https:\\\/\\\/www.michael-floessel.de\\\/mfblog\\\/3-advent-2013\\\/#webpage\"},\"isPartOf\":{\"@id\":\"https:\\\/\\\/www.michael-floessel.de\\\/mfblog\\\/3-advent-2013\\\/#webpage\"},\"articleSection\":\"Off Topic &amp; Reallife, Persoenliches, 2013, 3, Advent\"},{\"@type\":\"BreadcrumbList\",\"@id\":\"https:\\\/\\\/www.michael-floessel.de\\\/mfblog\\\/3-advent-2013\\\/#breadcrumblist\",\"itemListElement\":[{\"@type\":\"ListItem\",\"@id\":\"https:\\\/\\\/www.michael-floessel.de\\\/mfblog#listItem\",\"position\":1,\"name\":\"Home\",\"item\":\"https:\\\/\\\/www.michael-floessel.de\\\/mfblog\",\"nextItem\":{\"@type\":\"ListItem\",\"@id\":\"https:\\\/\\\/www.michael-floessel.de\\\/mfblog\\\/category\\\/personliches\\\/#listItem\",\"name\":\"Persoenliches\"}},{\"@type\":\"ListItem\",\"@id\":\"https:\\\/\\\/www.michael-floessel.de\\\/mfblog\\\/category\\\/personliches\\\/#listItem\",\"position\":2,\"name\":\"Persoenliches\",\"item\":\"https:\\\/\\\/www.michael-floessel.de\\\/mfblog\\\/category\\\/personliches\\\/\",\"nextItem\":{\"@type\":\"ListItem\",\"@id\":\"https:\\\/\\\/www.michael-floessel.de\\\/mfblog\\\/3-advent-2013\\\/#listItem\",\"name\":\"3. Advent 2013\"},\"previousItem\":{\"@type\":\"ListItem\",\"@id\":\"https:\\\/\\\/www.michael-floessel.de\\\/mfblog#listItem\",\"name\":\"Home\"}},{\"@type\":\"ListItem\",\"@id\":\"https:\\\/\\\/www.michael-floessel.de\\\/mfblog\\\/3-advent-2013\\\/#listItem\",\"position\":3,\"name\":\"3. Advent 2013\",\"previousItem\":{\"@type\":\"ListItem\",\"@id\":\"https:\\\/\\\/www.michael-floessel.de\\\/mfblog\\\/category\\\/personliches\\\/#listItem\",\"name\":\"Persoenliches\"}}]},{\"@type\":\"Person\",\"@id\":\"https:\\\/\\\/www.michael-floessel.de\\\/mfblog\\\/#person\",\"name\":\"Michael F.\"},{\"@type\":\"Person\",\"@id\":\"https:\\\/\\\/www.michael-floessel.de\\\/mfblog\\\/author\\\/michael-f\\\/#author\",\"url\":\"https:\\\/\\\/www.michael-floessel.de\\\/mfblog\\\/author\\\/michael-f\\\/\",\"name\":\"Michael F.\"},{\"@type\":\"WebPage\",\"@id\":\"https:\\\/\\\/www.michael-floessel.de\\\/mfblog\\\/3-advent-2013\\\/#webpage\",\"url\":\"https:\\\/\\\/www.michael-floessel.de\\\/mfblog\\\/3-advent-2013\\\/\",\"name\":\"3. Advent 2013 - Michael-Floessel.de - Blog\",\"description\":\"Nat\\u00fcrlich m\\u00f6chte ich auch zum 3. Advent meinen Lesern wieder Ruhe und Frieden w\\u00fcnschen. Warum ich dieses immer mache? Weil es zu wenig davon gibt und die Adventszeit manchmal Gelegenheit gibt, sich daran zu erinnern :-)\",\"inLanguage\":\"de-DE\",\"isPartOf\":{\"@id\":\"https:\\\/\\\/www.michael-floessel.de\\\/mfblog\\\/#website\"},\"breadcrumb\":{\"@id\":\"https:\\\/\\\/www.michael-floessel.de\\\/mfblog\\\/3-advent-2013\\\/#breadcrumblist\"},\"author\":{\"@id\":\"https:\\\/\\\/www.michael-floessel.de\\\/mfblog\\\/author\\\/michael-f\\\/#author\"},\"creator\":{\"@id\":\"https:\\\/\\\/www.michael-floessel.de\\\/mfblog\\\/author\\\/michael-f\\\/#author\"},\"image\":{\"@type\":\"ImageObject\",\"url\":\"https:\\\/\\\/www.michael-floessel.de\\\/mfblog\\\/wp-content\\\/uploads\\\/2013\\\/12\\\/1.Advent_2013.jpg\",\"@id\":\"https:\\\/\\\/www.michael-floessel.de\\\/mfblog\\\/3-advent-2013\\\/#mainImage\",\"width\":1000,\"height\":839},\"primaryImageOfPage\":{\"@id\":\"https:\\\/\\\/www.michael-floessel.de\\\/mfblog\\\/3-advent-2013\\\/#mainImage\"},\"datePublished\":\"2013-12-15T05:48:22+01:00\",\"dateModified\":\"2013-12-14T22:49:05+01:00\"},{\"@type\":\"WebSite\",\"@id\":\"https:\\\/\\\/www.michael-floessel.de\\\/mfblog\\\/#website\",\"url\":\"https:\\\/\\\/www.michael-floessel.de\\\/mfblog\\\/\",\"name\":\"Michael-Floessel.de - Blog\",\"description\":\"Hobby, Elektronik und Alltag\",\"inLanguage\":\"de-DE\",\"publisher\":{\"@id\":\"https:\\\/\\\/www.michael-floessel.de\\\/mfblog\\\/#person\"}}]}\n\t\t<\/script>\n\t\t<!-- All in One SEO -->\n\n","aioseo_head_json":{"title":"3. Advent 2013 - Michael-Floessel.de - Blog","description":"Nat\u00fcrlich m\u00f6chte ich auch zum 3. Advent meinen Lesern wieder Ruhe und Frieden w\u00fcnschen. Warum ich dieses immer mache? Weil es zu wenig davon gibt und die Adventszeit manchmal Gelegenheit gibt, sich daran zu erinnern :-)","canonical_url":"https:\/\/www.michael-floessel.de\/mfblog\/3-advent-2013\/","robots":"max-image-preview:large","keywords":"","webmasterTools":{"miscellaneous":""},"schema":{"@context":"https:\/\/schema.org","@graph":[{"@type":"BlogPosting","@id":"https:\/\/www.michael-floessel.de\/mfblog\/3-advent-2013\/#blogposting","name":"3. Advent 2013 - Michael-Floessel.de - Blog","headline":"3. Advent 2013","author":{"@id":"https:\/\/www.michael-floessel.de\/mfblog\/author\/michael-f\/#author"},"publisher":{"@id":"https:\/\/www.michael-floessel.de\/mfblog\/#person"},"image":{"@type":"ImageObject","url":"https:\/\/www.michael-floessel.de\/mfblog\/wp-content\/uploads\/2013\/12\/1.Advent_2013.jpg","width":1000,"height":839},"datePublished":"2013-12-15T05:48:22+01:00","dateModified":"2013-12-14T22:49:05+01:00","inLanguage":"de-DE","mainEntityOfPage":{"@id":"https:\/\/www.michael-floessel.de\/mfblog\/3-advent-2013\/#webpage"},"isPartOf":{"@id":"https:\/\/www.michael-floessel.de\/mfblog\/3-advent-2013\/#webpage"},"articleSection":"Off Topic &amp; Reallife, Persoenliches, 2013, 3, Advent"},{"@type":"BreadcrumbList","@id":"https:\/\/www.michael-floessel.de\/mfblog\/3-advent-2013\/#breadcrumblist","itemListElement":[{"@type":"ListItem","@id":"https:\/\/www.michael-floessel.de\/mfblog#listItem","position":1,"name":"Home","item":"https:\/\/www.michael-floessel.de\/mfblog","nextItem":{"@type":"ListItem","@id":"https:\/\/www.michael-floessel.de\/mfblog\/category\/personliches\/#listItem","name":"Persoenliches"}},{"@type":"ListItem","@id":"https:\/\/www.michael-floessel.de\/mfblog\/category\/personliches\/#listItem","position":2,"name":"Persoenliches","item":"https:\/\/www.michael-floessel.de\/mfblog\/category\/personliches\/","nextItem":{"@type":"ListItem","@id":"https:\/\/www.michael-floessel.de\/mfblog\/3-advent-2013\/#listItem","name":"3. Advent 2013"},"previousItem":{"@type":"ListItem","@id":"https:\/\/www.michael-floessel.de\/mfblog#listItem","name":"Home"}},{"@type":"ListItem","@id":"https:\/\/www.michael-floessel.de\/mfblog\/3-advent-2013\/#listItem","position":3,"name":"3. Advent 2013","previousItem":{"@type":"ListItem","@id":"https:\/\/www.michael-floessel.de\/mfblog\/category\/personliches\/#listItem","name":"Persoenliches"}}]},{"@type":"Person","@id":"https:\/\/www.michael-floessel.de\/mfblog\/#person","name":"Michael F."},{"@type":"Person","@id":"https:\/\/www.michael-floessel.de\/mfblog\/author\/michael-f\/#author","url":"https:\/\/www.michael-floessel.de\/mfblog\/author\/michael-f\/","name":"Michael F."},{"@type":"WebPage","@id":"https:\/\/www.michael-floessel.de\/mfblog\/3-advent-2013\/#webpage","url":"https:\/\/www.michael-floessel.de\/mfblog\/3-advent-2013\/","name":"3. Advent 2013 - Michael-Floessel.de - Blog","description":"Nat\u00fcrlich m\u00f6chte ich auch zum 3. Advent meinen Lesern wieder Ruhe und Frieden w\u00fcnschen. Warum ich dieses immer mache? Weil es zu wenig davon gibt und die Adventszeit manchmal Gelegenheit gibt, sich daran zu erinnern :-)","inLanguage":"de-DE","isPartOf":{"@id":"https:\/\/www.michael-floessel.de\/mfblog\/#website"},"breadcrumb":{"@id":"https:\/\/www.michael-floessel.de\/mfblog\/3-advent-2013\/#breadcrumblist"},"author":{"@id":"https:\/\/www.michael-floessel.de\/mfblog\/author\/michael-f\/#author"},"creator":{"@id":"https:\/\/www.michael-floessel.de\/mfblog\/author\/michael-f\/#author"},"image":{"@type":"ImageObject","url":"https:\/\/www.michael-floessel.de\/mfblog\/wp-content\/uploads\/2013\/12\/1.Advent_2013.jpg","@id":"https:\/\/www.michael-floessel.de\/mfblog\/3-advent-2013\/#mainImage","width":1000,"height":839},"primaryImageOfPage":{"@id":"https:\/\/www.michael-floessel.de\/mfblog\/3-advent-2013\/#mainImage"},"datePublished":"2013-12-15T05:48:22+01:00","dateModified":"2013-12-14T22:49:05+01:00"},{"@type":"WebSite","@id":"https:\/\/www.michael-floessel.de\/mfblog\/#website","url":"https:\/\/www.michael-floessel.de\/mfblog\/","name":"Michael-Floessel.de - Blog","description":"Hobby, Elektronik und Alltag","inLanguage":"de-DE","publisher":{"@id":"https:\/\/www.michael-floessel.de\/mfblog\/#person"}}]},"og:locale":"de_DE","og:site_name":"Michael-Floessel.de - Blog - Hobby, Elektronik und Alltag","og:type":"article","og:title":"3. Advent 2013 - Michael-Floessel.de - Blog","og:description":"Nat\u00fcrlich m\u00f6chte ich auch zum 3. Advent meinen Lesern wieder Ruhe und Frieden w\u00fcnschen. Warum ich dieses immer mache? Weil es zu wenig davon gibt und die Adventszeit manchmal Gelegenheit gibt, sich daran zu erinnern :-)","og:url":"https:\/\/www.michael-floessel.de\/mfblog\/3-advent-2013\/","article:published_time":"2013-12-15T04:48:22+00:00","article:modified_time":"2013-12-14T21:49:05+00:00","article:publisher":"https:\/\/www.facebook.com\/michael.floessel.5\/","twitter:card":"summary","twitter:site":"@Der_M_mit_F","twitter:title":"3. Advent 2013 - Michael-Floessel.de - Blog","twitter:description":"Nat\u00fcrlich m\u00f6chte ich auch zum 3. Advent meinen Lesern wieder Ruhe und Frieden w\u00fcnschen. Warum ich dieses immer mache? Weil es zu wenig davon gibt und die Adventszeit manchmal Gelegenheit gibt, sich daran zu erinnern :-)","twitter:image":"https:\/\/www.michael-floessel.de\/mfblog\/wp-content\/uploads\/2013\/12\/1.Advent_2013.jpg"},"aioseo_meta_data":{"post_id":"11003","title":null,"description":null,"keywords":null,"keyphrases":null,"primary_term":null,"canonical_url":null,"og_title":null,"og_description":null,"og_object_type":"default","og_image_type":"default","og_image_url":null,"og_image_width":null,"og_image_height":null,"og_image_custom_url":null,"og_image_custom_fields":null,"og_video":null,"og_custom_url":null,"og_article_section":null,"og_article_tags":null,"twitter_use_og":false,"twitter_card":"default","twitter_image_type":"default","twitter_image_url":null,"twitter_image_custom_url":null,"twitter_image_custom_fields":null,"twitter_title":null,"twitter_description":null,"schema":{"blockGraphs":[],"customGraphs":[],"default":{"data":{"Article":[],"Course":[],"Dataset":[],"FAQPage":[],"Movie":[],"Person":[],"Product":[],"ProductReview":[],"Car":[],"Recipe":[],"Service":[],"SoftwareApplication":[],"WebPage":[]},"graphName":"","isEnabled":true},"graphs":[]},"schema_type":"default","schema_type_options":null,"pillar_content":false,"robots_default":true,"robots_noindex":false,"robots_noarchive":false,"robots_nosnippet":false,"robots_nofollow":false,"robots_noimageindex":false,"robots_noodp":false,"robots_notranslate":false,"robots_max_snippet":null,"robots_max_videopreview":null,"robots_max_imagepreview":"large","priority":null,"frequency":null,"local_seo":null,"breadcrumb_settings":null,"limit_modified_date":false,"ai":null,"created":"2022-06-18 09:23:09","updated":"2025-06-04 08:09:00","seo_analyzer_scan_date":null,"focus_keyword":null,"additional_keywords":null,"truseo_locale":null},"aioseo_breadcrumb":"<div class=\"aioseo-breadcrumbs\"><span class=\"aioseo-breadcrumb\">\n\t\t\t<a href=\"https:\/\/www.michael-floessel.de\/mfblog\" title=\"Home\">Home<\/a>\n\t\t<\/span><span class=\"aioseo-breadcrumb-separator\">&raquo;<\/span><span class=\"aioseo-breadcrumb\">\n\t\t\t<a href=\"https:\/\/www.michael-floessel.de\/mfblog\/category\/personliches\/\" title=\"Persoenliches\">Persoenliches<\/a>\n\t\t<\/span><span class=\"aioseo-breadcrumb-separator\">&raquo;<\/span><span class=\"aioseo-breadcrumb\">\n\t\t\t3. Advent 2013\n\t\t<\/span><\/div>","aioseo_breadcrumb_json":[{"label":"Home","link":"https:\/\/www.michael-floessel.de\/mfblog"},{"label":"Persoenliches","link":"https:\/\/www.michael-floessel.de\/mfblog\/category\/personliches\/"},{"label":"3. Advent 2013","link":"https:\/\/www.michael-floessel.de\/mfblog\/3-advent-2013\/"}],"_links":{"self":[{"href":"https:\/\/www.michael-floessel.de\/mfblog\/wp-json\/wp\/v2\/posts\/11003","targetHints":{"allow":["GET"]}}],"collection":[{"href":"https:\/\/www.michael-floessel.de\/mfblog\/wp-json\/wp\/v2\/posts"}],"about":[{"href":"https:\/\/www.michael-floessel.de\/mfblog\/wp-json\/wp\/v2\/types\/post"}],"author":[{"embeddable":true,"href":"https:\/\/www.michael-floessel.de\/mfblog\/wp-json\/wp\/v2\/users\/2"}],"replies":[{"embeddable":true,"href":"https:\/\/www.michael-floessel.de\/mfblog\/wp-json\/wp\/v2\/comments?post=11003"}],"version-history":[{"count":0,"href":"https:\/\/www.michael-floessel.de\/mfblog\/wp-json\/wp\/v2\/posts\/11003\/revisions"}],"wp:featuredmedia":[{"embeddable":true,"href":"https:\/\/www.michael-floessel.de\/mfblog\/wp-json\/wp\/v2\/media\/10811"}],"wp:attachment":[{"href":"https:\/\/www.michael-floessel.de\/mfblog\/wp-json\/wp\/v2\/media?parent=11003"}],"wp:term":[{"taxonomy":"category","embeddable":true,"href":"https:\/\/www.michael-floessel.de\/mfblog\/wp-json\/wp\/v2\/categories?post=11003"},{"taxonomy":"post_tag","embeddable":true,"href":"https:\/\/www.michael-floessel.de\/mfblog\/wp-json\/wp\/v2\/tags?post=11003"}],"curies":[{"name":"wp","href":"https:\/\/api.w.org\/{rel}","templated":true}]}}