{"id":11951,"date":"2014-07-15T08:39:47","date_gmt":"2014-07-15T06:39:47","guid":{"rendered":"http:\/\/www.michael-floessel.de\/mfblog\/?p=11951"},"modified":"2019-11-09T10:12:51","modified_gmt":"2019-11-09T09:12:51","slug":"o6600h","status":"publish","type":"post","link":"https:\/\/www.michael-floessel.de\/mfblog\/o6600h\/","title":{"rendered":"@Job &#8211; Mercedes O6600H 1:87"},"content":{"rendered":"<p><a href=\"http:\/\/www.michael-floessel.de\/mfblog\/wp-content\/uploads\/2014\/07\/MWO-Sonderfahrt-2.jpg\"><img loading=\"lazy\" decoding=\"async\" class=\"alignleft size-medium wp-image-11952\" src=\"http:\/\/www.michael-floessel.de\/mfblog\/wp-content\/uploads\/2014\/07\/MWO-Sonderfahrt-2-400x266.jpg\" alt=\"Mercedes O6600H 1:87\" width=\"400\" height=\"266\" srcset=\"https:\/\/www.michael-floessel.de\/mfblog\/wp-content\/uploads\/2014\/07\/MWO-Sonderfahrt-2-400x266.jpg 400w, https:\/\/www.michael-floessel.de\/mfblog\/wp-content\/uploads\/2014\/07\/MWO-Sonderfahrt-2-150x100.jpg 150w, https:\/\/www.michael-floessel.de\/mfblog\/wp-content\/uploads\/2014\/07\/MWO-Sonderfahrt-2-449x300.jpg 449w, https:\/\/www.michael-floessel.de\/mfblog\/wp-content\/uploads\/2014\/07\/MWO-Sonderfahrt-2.jpg 1000w\" sizes=\"auto, (max-width: 400px) 100vw, 400px\" \/><\/a>Einige Car-System Fahrzeuge haben den Umzug der MWO-Ruhrgebietsanlage von Oberhausen nach F\u00fcrth nicht besonders gut \u00fcberstanden. Da die Liste der Ausgaben lang, die verf\u00fcgbare Zeit aber (wie immer und \u00fcberall <img src=\"https:\/\/www.michael-floessel.de\/mfblog\/wp-content\/plugins\/classic-smilies\/img\/icon_wink.gif\" alt=\";-)\" class=\"wp-smiley\" style=\"height: 1em; max-height: 1em;\" \/> ) kurz ist, mussten einige Arbeiten auf &#8222;machen wir sp\u00e4ter&#8220; verschoben werden. So auch die Reparatur des &#8218;Mercedes O6600H&#8216;. Von A wie Akku bis Z wie Zahnrad &#8211; alles neu <img src=\"https:\/\/www.michael-floessel.de\/mfblog\/wp-content\/plugins\/classic-smilies\/img\/icon_biggrin.gif\" alt=\":-D\" class=\"wp-smiley\" style=\"height: 1em; max-height: 1em;\" \/><\/p>\n<p>&nbsp;<\/p>\n<p>&nbsp;<\/p>\n<!-- relpost-thumb-wrapper --><div class=\"relpost-thumb-wrapper\"><!-- filter-class --><div class=\"relpost-thumb-container\"><style>.relpost-block-single-image, .relpost-post-image { margin-bottom: 10px; }<\/style><h3>Related posts:<\/h3><div style=\"clear: both\"><\/div><div style=\"clear: both\"><\/div><!-- relpost-block-container --><div class=\"relpost-block-container relpost-block-column-layout\" style=\"--relposth-columns: 4;--relposth-columns_t: 3; --relposth-columns_m: 2\"><a href=\"https:\/\/www.michael-floessel.de\/mfblog\/der-iveco-magirus-5t\/\"class=\"relpost-block-single\" ><div class=\"relpost-custom-block-single\"><div class=\"relpost-block-single-image rpt-lazyload\" aria-hidden=\"true\" role=\"img\" data-bg=\"https:\/\/www.michael-floessel.de\/mfblog\/wp-content\/uploads\/2026\/04\/the-joker-pic-4-michael-floessel.de_.jpg\" style=\"background: transparent no-repeat scroll 0% 0%; width: 1000px; height: 288px; aspect-ratio: 16\/9;\"><\/div><div class=\"relpost-block-single-text\"  style=\"height: 75px;font-family: Arial;  font-size: 12px;  color: rgb(237,201,23);\"><h4 class=\"relpost_card_title\">Der Iveco Magirus 5t<\/h4><\/div><\/div><\/a><a href=\"https:\/\/www.michael-floessel.de\/mfblog\/dampfzugsonderfahrten-auf-der-weschnitztalbahn-10-08-14-09-2014-reduzierter-eintrittspreis-fuer-die-mwo-blog-der-modellbahnwelt-odenwald\/\"class=\"relpost-block-single\" ><div class=\"relpost-custom-block-single\"><div class=\"relpost-block-single-image rpt-lazyload\" aria-hidden=\"true\" role=\"img\" data-bg=\"https:\/\/www.michael-floessel.de\/mfblog\/wp-content\/uploads\/2026\/04\/the-joker-pic-4-michael-floessel.de_.jpg\" style=\"background: transparent no-repeat scroll 0% 0%; width: 1000px; height: 288px; aspect-ratio: 16\/9;\"><\/div><div class=\"relpost-block-single-text\"  style=\"height: 75px;font-family: Arial;  font-size: 12px;  color: rgb(237,201,23);\"><h4 class=\"relpost_card_title\">Dampfzugsonderfahrten auf der Weschnitztalbahn 10.08.\/14.09.2014 \u2013 Reduzierter Eintrittspreis f\u00fcr di...<\/h4><\/div><\/div><\/a><a href=\"https:\/\/www.michael-floessel.de\/mfblog\/irdis-part-3\/\"class=\"relpost-block-single\" ><div class=\"relpost-custom-block-single\"><div class=\"relpost-block-single-image rpt-lazyload\" aria-hidden=\"true\" role=\"img\" data-bg=\"https:\/\/www.michael-floessel.de\/mfblog\/wp-content\/uploads\/2026\/04\/the-joker-pic-4-michael-floessel.de_.jpg\" style=\"background: transparent no-repeat scroll 0% 0%; width: 1000px; height: 288px; aspect-ratio: 16\/9;\"><\/div><div class=\"relpost-block-single-text\"  style=\"height: 75px;font-family: Arial;  font-size: 12px;  color: rgb(237,201,23);\"><h4 class=\"relpost_card_title\">IrDiS - Part 3<\/h4><\/div><\/div><\/a><a href=\"https:\/\/www.michael-floessel.de\/mfblog\/aktuelles-aus-der-modellbahnwelt-odenwald-video-teil-9\/\"class=\"relpost-block-single\" ><div class=\"relpost-custom-block-single\"><div class=\"relpost-block-single-image rpt-lazyload\" aria-label=\"Logonutzung mit freundlicher Genehmigung der &#039;Modellbahnwelt-Odenwald&#039;!\" role=\"img\" data-bg=\"https:\/\/www.michael-floessel.de\/mfblog\/wp-content\/uploads\/2013\/02\/Logo-mwo-1000x229.jpg\" style=\"background: transparent no-repeat scroll 0% 0%; width: 1000px; height: 288px; aspect-ratio: 16\/9;\"><\/div><div class=\"relpost-block-single-text\"  style=\"height: 75px;font-family: Arial;  font-size: 12px;  color: rgb(237,201,23);\"><h4 class=\"relpost_card_title\">Aktuelles aus der Modellbahnwelt Odenwald \u2013 Video Teil 9<\/h4><\/div><\/div><\/a><\/div><!-- close relpost-block-container --><div style=\"clear: both\"><\/div><\/div><!-- close filter class --><\/div><!-- close relpost-thumb-wrapper -->","protected":false},"excerpt":{"rendered":"<p>Einige Car-System Fahrzeuge haben den Umzug der MWO-Ruhrgebietsanlage von Oberhausen nach F\u00fcrth nicht besonders gut \u00fcberstanden. Da die Liste der Ausgaben lang, die verf\u00fcgbare Zeit aber (wie immer und \u00fcberall ) kurz ist, mussten einige Arbeiten auf &#8222;machen wir sp\u00e4ter&#8220; &hellip; <a href=\"https:\/\/www.michael-floessel.de\/mfblog\/o6600h\/\">Weiterlesen <span class=\"meta-nav\">&rarr;<\/span><\/a><\/p>\n","protected":false},"author":2,"featured_media":11952,"comment_status":"open","ping_status":"open","sticky":false,"template":"","format":"standard","meta":{"_monsterinsights_skip_tracking":false,"_monsterinsights_sitenote_active":false,"_monsterinsights_sitenote_note":"","_monsterinsights_sitenote_category":0,"footnotes":""},"categories":[5],"tags":[227,443,368,2361,258,2362,2360,246,387,1289,2723,1296,1288,369],"class_list":["post-11951","post","type-post","status-publish","format-standard","has-post-thumbnail","hentry","category-modellbau","tag-227","tag-bus","tag-car","tag-h","tag-lkw","tag-massstab","tag-mercedes-benz-o-6600","tag-modell","tag-modellbahn","tag-modellbahnwelt","tag-modellbau","tag-mwo","tag-odenwald","tag-system"],"aioseo_notices":[],"_links":{"self":[{"href":"https:\/\/www.michael-floessel.de\/mfblog\/wp-json\/wp\/v2\/posts\/11951","targetHints":{"allow":["GET"]}}],"collection":[{"href":"https:\/\/www.michael-floessel.de\/mfblog\/wp-json\/wp\/v2\/posts"}],"about":[{"href":"https:\/\/www.michael-floessel.de\/mfblog\/wp-json\/wp\/v2\/types\/post"}],"author":[{"embeddable":true,"href":"https:\/\/www.michael-floessel.de\/mfblog\/wp-json\/wp\/v2\/users\/2"}],"replies":[{"embeddable":true,"href":"https:\/\/www.michael-floessel.de\/mfblog\/wp-json\/wp\/v2\/comments?post=11951"}],"version-history":[{"count":0,"href":"https:\/\/www.michael-floessel.de\/mfblog\/wp-json\/wp\/v2\/posts\/11951\/revisions"}],"wp:featuredmedia":[{"embeddable":true,"href":"https:\/\/www.michael-floessel.de\/mfblog\/wp-json\/wp\/v2\/media\/11952"}],"wp:attachment":[{"href":"https:\/\/www.michael-floessel.de\/mfblog\/wp-json\/wp\/v2\/media?parent=11951"}],"wp:term":[{"taxonomy":"category","embeddable":true,"href":"https:\/\/www.michael-floessel.de\/mfblog\/wp-json\/wp\/v2\/categories?post=11951"},{"taxonomy":"post_tag","embeddable":true,"href":"https:\/\/www.michael-floessel.de\/mfblog\/wp-json\/wp\/v2\/tags?post=11951"}],"curies":[{"name":"wp","href":"https:\/\/api.w.org\/{rel}","templated":true}]}}