{"id":12520,"date":"2014-12-09T09:13:37","date_gmt":"2014-12-09T08:13:37","guid":{"rendered":"http:\/\/www.michael-floessel.de\/mfblog\/?p=12520"},"modified":"2019-11-09T09:22:12","modified_gmt":"2019-11-09T08:22:12","slug":"die-paar-watt-mal-wieder","status":"publish","type":"post","link":"https:\/\/www.michael-floessel.de\/mfblog\/die-paar-watt-mal-wieder\/","title":{"rendered":"Die paar Watt mal wieder"},"content":{"rendered":"<p><img loading=\"lazy\" decoding=\"async\" class=\"alignleft size-full wp-image-1846\" src=\"http:\/\/www.michael-floessel.de\/mfblog\/wp-content\/uploads\/2012\/09\/energie_sample_pic.jpg\" alt=\"Beispielbild zu einem Artikel auf www.michael-floessel.de - Energiekosten PC\" width=\"113\" height=\"150\" \/>Vor einigen Tagen kam mal wieder <del>die<\/del> eine Diskussion auf, dass der Stromverbrauch der aktuellen Ger\u00e4te immer weiter sinkt, damit w\u00e4ren die Stromkosten trotz der unz\u00e4hligen Erh\u00f6hungen ja unter dem Strich ertr\u00e4glich. Nun ja, wenn man so denken m\u00f6chte&#8230; <img src=\"https:\/\/www.michael-floessel.de\/mfblog\/wp-content\/plugins\/classic-smilies\/img\/icon_eek.gif\" alt=\":shock:\" class=\"wp-smiley\" style=\"height: 1em; max-height: 1em;\" \/><\/p>\n<p>&nbsp;<\/p>\n<p>&nbsp;<\/p>\n<p>Aktuell kostet die kW\/h irgendwo zwischen 25 und 29 Cent, das entspricht<a title=\"http:\/\/de.wikipedia.org\/wiki\/Strompreis\" href=\"http:\/\/de.wikipedia.org\/wiki\/Strompreis\" target=\"_blank\" rel=\"noopener noreferrer\"> laut Wikipedia einer Kostensteigerung von rund 70% seit 1998<\/a>. Die Zusatzkosten f\u00fcr Z\u00e4hler &amp; Co mal au\u00dfen vor. Ich will nicht wieder auf das Raubrittertum dem Volke gegen\u00fcber eingehen, aber das ist doch schon eine Hausnummer!<\/p>\n<p>Irgendwie, und das regt mich auf, kommt es aber bei einigen Menschen immer noch nicht an, dass 1000 Watt eben 1000 Watt sind und bleiben. Und die in einer Stunde &#8218;verbraucht&#8216;, kosten eben den jeweiligen kW\/h-Preis.<\/p>\n<p>Aktueller Diskussionspunkt des Gespr\u00e4ches, in das ich eher zuf\u00e4llig verwickelt wurde:<\/p>\n<p>LED Lampen sparen so viel Strom, dass man nicht mehr so aufpassen muss!<\/p>\n<p>So so&#8230;!<\/p>\n<p>Die (Strom-)Kosten, die durch eine LED-Leuchte gegen\u00fcber einer Gl\u00fchlampe eingespart werden, muss man ja auch \u00fcber die Laufzeit durch den wesentlich h\u00f6heren Anschaffungspreis wieder reinholen. Sprich: Das Teil muss lange leben und die herk\u00f6mmliche Beleuchtung zu 100% ersetzen k\u00f6nnen. Beides ist bisher nicht selbstverst\u00e4ndlich. Ehe das Teil am Lebensende anlangt, ist dazu also mangels Rechengrundlage nichts zu sagen. Nebenbei werden LED-Stripes gerne mal als Zusatz installiert, nicht als Alternative, das aber nur mal am Rande.<\/p>\n<p>Zeitgleich wird aber in der Garage der 2000 Watt Heizl\u00fcfter betrieben, die LED&#8217;s holen das schon wieder rein&#8230; Ich m\u00f6chte kreischen! Das k\u00f6nnte am Ende des Abrechnungszeitraumes aber eine \u00dcberraschung geben! Jedenfalls war dies so der rote Faden des Gespr\u00e4chs, ich habe mich ausgeklinkt.<\/p>\n<p>Wollte ich nur mal erz\u00e4hlt haben&#8230; <img src=\"https:\/\/www.michael-floessel.de\/mfblog\/wp-content\/plugins\/classic-smilies\/img\/icon_wink.gif\" alt=\";-)\" class=\"wp-smiley\" style=\"height: 1em; max-height: 1em;\" \/><\/p>\n<p>&nbsp;<\/p>\n<p>&nbsp;<\/p>\n<!-- relpost-thumb-wrapper --><div class=\"relpost-thumb-wrapper\"><!-- filter-class --><div class=\"relpost-thumb-container\"><style>.relpost-block-single-image, .relpost-post-image { margin-bottom: 10px; }<\/style><h3>Related posts:<\/h3><div style=\"clear: both\"><\/div><div style=\"clear: both\"><\/div><!-- relpost-block-container --><div class=\"relpost-block-container relpost-block-column-layout\" style=\"--relposth-columns: 4;--relposth-columns_t: 3; --relposth-columns_m: 2\"><a href=\"https:\/\/www.michael-floessel.de\/mfblog\/zeit-fur-einen-neuen-personlichen-merker\/\"class=\"relpost-block-single\" ><div class=\"relpost-custom-block-single\"><div class=\"relpost-block-single-image rpt-lazyload\" aria-label=\"hp109n\" role=\"img\" data-bg=\"https:\/\/www.michael-floessel.de\/mfblog\/wp-content\/uploads\/2012\/11\/hp109n.jpg\" style=\"background: transparent no-repeat scroll 0% 0%; width: 1000px; height: 288px; aspect-ratio: 16\/9;\"><\/div><div class=\"relpost-block-single-text\"  style=\"height: 75px;font-family: Arial;  font-size: 12px;  color: rgb(237,201,23);\"><h4 class=\"relpost_card_title\">Zeit f\u00fcr einen neuen pers\u00f6nlichen Merker!<\/h4><\/div><\/div><\/a><a href=\"https:\/\/www.michael-floessel.de\/mfblog\/stromspar-checks-fur-geringverdiener-sozialtarif-der-stadtwerke-ware-sinnvoller-bochum-lokalkompass-de\/\"class=\"relpost-block-single\" ><div class=\"relpost-custom-block-single\"><div class=\"relpost-block-single-image rpt-lazyload\" aria-hidden=\"true\" role=\"img\" data-bg=\"https:\/\/www.michael-floessel.de\/mfblog\/wp-content\/uploads\/2026\/04\/the-joker-pic-4-michael-floessel.de_.jpg\" style=\"background: transparent no-repeat scroll 0% 0%; width: 1000px; height: 288px; aspect-ratio: 16\/9;\"><\/div><div class=\"relpost-block-single-text\"  style=\"height: 75px;font-family: Arial;  font-size: 12px;  color: rgb(237,201,23);\"><h4 class=\"relpost_card_title\">Stromspar-Checks f\u00fcr Geringverdiener: Sozialtarif der Stadtwerke w\u00e4re sinnvoller! - Bochum - lokalko...<\/h4><\/div><\/div><\/a><a href=\"https:\/\/www.michael-floessel.de\/mfblog\/strompreise-verbraucher-zahlen-drauf-und-die-politik-sieht-zu-offenes-presseportal-de\/\"class=\"relpost-block-single\" ><div class=\"relpost-custom-block-single\"><div class=\"relpost-block-single-image rpt-lazyload\" aria-hidden=\"true\" role=\"img\" data-bg=\"https:\/\/www.michael-floessel.de\/mfblog\/wp-content\/uploads\/2026\/04\/the-joker-pic-4-michael-floessel.de_.jpg\" style=\"background: transparent no-repeat scroll 0% 0%; width: 1000px; height: 288px; aspect-ratio: 16\/9;\"><\/div><div class=\"relpost-block-single-text\"  style=\"height: 75px;font-family: Arial;  font-size: 12px;  color: rgb(237,201,23);\"><h4 class=\"relpost_card_title\">Strompreise: Verbraucher zahlen drauf und die Politik sieht zu - Offenes-Presseportal.de<\/h4><\/div><\/div><\/a><a href=\"https:\/\/www.michael-floessel.de\/mfblog\/wuensche-einen-guten-rutsch\/\"class=\"relpost-block-single\" ><div class=\"relpost-custom-block-single\"><div class=\"relpost-block-single-image rpt-lazyload\" aria-label=\"Silvester_2013_2014\" role=\"img\" data-bg=\"https:\/\/www.michael-floessel.de\/mfblog\/wp-content\/uploads\/2013\/12\/Silvester_2013_2014_Header.jpg\" style=\"background: transparent no-repeat scroll 0% 0%; width: 1000px; height: 288px; aspect-ratio: 16\/9;\"><\/div><div class=\"relpost-block-single-text\"  style=\"height: 75px;font-family: Arial;  font-size: 12px;  color: rgb(237,201,23);\"><h4 class=\"relpost_card_title\">W\u00fcnsche einen guten Rutsch !<\/h4><\/div><\/div><\/a><\/div><!-- close relpost-block-container --><div style=\"clear: both\"><\/div><\/div><!-- close filter class --><\/div><!-- close relpost-thumb-wrapper -->","protected":false},"excerpt":{"rendered":"<p>Vor einigen Tagen kam mal wieder die eine Diskussion auf, dass der Stromverbrauch der aktuellen Ger\u00e4te immer weiter sinkt, damit w\u00e4ren die Stromkosten trotz der unz\u00e4hligen Erh\u00f6hungen ja unter dem Strich ertr\u00e4glich. Nun ja, wenn man so denken m\u00f6chte&#8230; &nbsp; &hellip; <a href=\"https:\/\/www.michael-floessel.de\/mfblog\/die-paar-watt-mal-wieder\/\">Weiterlesen <span class=\"meta-nav\">&rarr;<\/span><\/a><\/p>\n","protected":false},"author":2,"featured_media":1846,"comment_status":"open","ping_status":"open","sticky":false,"template":"","format":"standard","meta":{"_monsterinsights_skip_tracking":false,"_monsterinsights_sitenote_active":false,"_monsterinsights_sitenote_note":"","_monsterinsights_sitenote_category":0,"footnotes":""},"categories":[3,8],"tags":[2003,322,43,109],"class_list":["post-12520","post","type-post","status-publish","format-standard","has-post-thumbnail","hentry","category-alltag","category-personliches","tag-heizung","tag-kosten","tag-led","tag-strom"],"aioseo_notices":[],"_links":{"self":[{"href":"https:\/\/www.michael-floessel.de\/mfblog\/wp-json\/wp\/v2\/posts\/12520","targetHints":{"allow":["GET"]}}],"collection":[{"href":"https:\/\/www.michael-floessel.de\/mfblog\/wp-json\/wp\/v2\/posts"}],"about":[{"href":"https:\/\/www.michael-floessel.de\/mfblog\/wp-json\/wp\/v2\/types\/post"}],"author":[{"embeddable":true,"href":"https:\/\/www.michael-floessel.de\/mfblog\/wp-json\/wp\/v2\/users\/2"}],"replies":[{"embeddable":true,"href":"https:\/\/www.michael-floessel.de\/mfblog\/wp-json\/wp\/v2\/comments?post=12520"}],"version-history":[{"count":0,"href":"https:\/\/www.michael-floessel.de\/mfblog\/wp-json\/wp\/v2\/posts\/12520\/revisions"}],"wp:featuredmedia":[{"embeddable":true,"href":"https:\/\/www.michael-floessel.de\/mfblog\/wp-json\/wp\/v2\/media\/1846"}],"wp:attachment":[{"href":"https:\/\/www.michael-floessel.de\/mfblog\/wp-json\/wp\/v2\/media?parent=12520"}],"wp:term":[{"taxonomy":"category","embeddable":true,"href":"https:\/\/www.michael-floessel.de\/mfblog\/wp-json\/wp\/v2\/categories?post=12520"},{"taxonomy":"post_tag","embeddable":true,"href":"https:\/\/www.michael-floessel.de\/mfblog\/wp-json\/wp\/v2\/tags?post=12520"}],"curies":[{"name":"wp","href":"https:\/\/api.w.org\/{rel}","templated":true}]}}