{"id":13437,"date":"2015-10-12T09:35:28","date_gmt":"2015-10-12T07:35:28","guid":{"rendered":"http:\/\/www.michael-floessel.de\/mfblog\/?p=13437"},"modified":"2015-10-12T09:39:11","modified_gmt":"2015-10-12T07:39:11","slug":"mal-auf-den-markt-gehen","status":"publish","type":"post","link":"https:\/\/www.michael-floessel.de\/mfblog\/mal-auf-den-markt-gehen\/","title":{"rendered":"Mal auf den Markt gehen!"},"content":{"rendered":"<p><a href=\"http:\/\/www.michael-floessel.de\/mfblog\/wp-content\/uploads\/2015\/10\/Odenwaelder_Bauernmarkt.jpg\" target=\"_blank\"><img loading=\"lazy\" decoding=\"async\" class=\"alignleft wp-image-13438 size-medium\" src=\"http:\/\/www.michael-floessel.de\/mfblog\/wp-content\/uploads\/2015\/10\/Odenwaelder_Bauernmarkt-400x275.jpg\" alt=\"Odenwaelder_Bauernmarkt\" width=\"400\" height=\"275\" srcset=\"https:\/\/www.michael-floessel.de\/mfblog\/wp-content\/uploads\/2015\/10\/Odenwaelder_Bauernmarkt-400x275.jpg 400w, https:\/\/www.michael-floessel.de\/mfblog\/wp-content\/uploads\/2015\/10\/Odenwaelder_Bauernmarkt-150x103.jpg 150w, https:\/\/www.michael-floessel.de\/mfblog\/wp-content\/uploads\/2015\/10\/Odenwaelder_Bauernmarkt-437x300.jpg 437w, https:\/\/www.michael-floessel.de\/mfblog\/wp-content\/uploads\/2015\/10\/Odenwaelder_Bauernmarkt.jpg 1000w\" sizes=\"auto, (max-width: 400px) 100vw, 400px\" \/><\/a>Man kann ja nicht immer nur am L\u00f6tkolben h\u00e4ngen&#8230;<\/p>\n<p>Ich war zwar schon am Freitag da, muss es mir aber einfach hier festhalten.<\/p>\n<p>Die M\u00e4rkte hier im Odenwald haben schon eine andere Seele und Qualit\u00e4t als die im Ruhrpott. Finde ich jedenfalls, vielleicht habe ich aber auch nur die falschen besucht <img src=\"https:\/\/www.michael-floessel.de\/mfblog\/wp-content\/plugins\/classic-smilies\/img\/icon_wink.gif\" alt=\";-)\" class=\"wp-smiley\" style=\"height: 1em; max-height: 1em;\" \/> Nebenbei erw\u00e4hnt, wer mich kennt wei\u00df, das ich nicht der gro\u00dfe Freizeitaktivist bin und <a href=\"http:\/\/www.modellbahnwelt-odenwald.de\" target=\"_blank\">der Job<\/a> will ja auch erledigt werden <img src=\"https:\/\/www.michael-floessel.de\/mfblog\/wp-content\/plugins\/classic-smilies\/img\/icon_wink.gif\" alt=\";-)\" class=\"wp-smiley\" style=\"height: 1em; max-height: 1em;\" \/><\/p>\n<p>F\u00fcr mich ist es nat\u00fcrlich interessant in die regionalen Spezialit\u00e4ten und Erzeugnisse Einblick zu bekommen, auch nach zwei Jahren hier in F\u00fcrth <del>ist man<\/del> bin ich ja doch immer noch recht neu in der Region. Wenn mir jemand sagt, dies und jenes ist hier regional der Renner, muss ich das ja erst einmal glauben <img src=\"https:\/\/www.michael-floessel.de\/mfblog\/wp-content\/plugins\/classic-smilies\/img\/icon_biggrin.gif\" alt=\":-D\" class=\"wp-smiley\" style=\"height: 1em; max-height: 1em;\" \/><\/p>\n<p>Das war jedenfalls der Erbacher bzw. <a href=\"http:\/\/www.odenwaelder-direktvermarkter.de\/bauernmarkt.php\" target=\"_blank\">Odenw\u00e4lder Bauernmarkt<\/a>, den gibt&#8217;s regelm\u00e4\u00dfig, das n\u00e4chste mal 7. &#8211; 9. Oktober 2016, dauert also noch ein dezentes Jahr <img src=\"https:\/\/www.michael-floessel.de\/mfblog\/wp-content\/plugins\/classic-smilies\/img\/icon_mrgreen.gif\" alt=\":mrgreen:\" class=\"wp-smiley\" style=\"height: 1em; max-height: 1em;\" \/> Hier noch ein<a href=\"http:\/\/www.echo-online.de\/mediathek\/bilder\/09102015-bauernmarkt-in-erbach_16259082.htm#1\" target=\"_blank\"> Link zu &#8222;Echo-Online&#8220;<\/a> mit ein paar Bildern, habe selber leider nur wenige Fotos gemacht..<\/p>\n<p>&nbsp;<\/p>\n<hr \/>\n<p>&nbsp;<\/p>\n<p><!-- BEGIN PARTNER PROGRAM - DO NOT CHANGE THE PARAMETERS OF THE HYPERLINK --><br \/>\n<script language=\"javascript\" type=\"text\/javascript\" src=\"http:\/\/banners.webmasterplan.com\/view.asp?ref=15882&#038;site=9192&#038;type=html&#038;hnb=5&#038;js=1\"><\/script><br \/>\n<noscript><a href=\"http:\/\/partners.webmasterplan.com\/click.asp?ref=15882&#038;site=9192&#038;type=b1&#038;bnb=1\" target=\"_blank\"><br \/>\n<img decoding=\"async\" src=\"http:\/\/banners.webmasterplan.com\/view.asp?ref=15882&#038;site=9192&#038;b=1\" border=\"0\" title=\"Full Size Banner (468 x 60)\" alt=\"Full Size Banner (468 x 60)\"\/><\/a><br \/><\/noscript><br \/>\n<!-- END PARTNER PROGRAM --><\/p>\n<p>&nbsp;<\/p>\n<p>&nbsp;<\/p>\n<!-- relpost-thumb-wrapper --><div class=\"relpost-thumb-wrapper\"><!-- filter-class --><div class=\"relpost-thumb-container\"><style>.relpost-block-single-image, .relpost-post-image { margin-bottom: 10px; }<\/style><h3>Related posts:<\/h3><div style=\"clear: both\"><\/div><div style=\"clear: both\"><\/div><!-- relpost-block-container --><div class=\"relpost-block-container relpost-block-column-layout\" style=\"--relposth-columns: 4;--relposth-columns_t: 3; --relposth-columns_m: 2\"><a href=\"https:\/\/www.michael-floessel.de\/mfblog\/test-mit-android-wordpress-app\/\"class=\"relpost-block-single\" ><div class=\"relpost-custom-block-single\"><div class=\"relpost-block-single-image rpt-lazyload\" aria-hidden=\"true\" role=\"img\" data-bg=\"https:\/\/www.michael-floessel.de\/mfblog\/wp-content\/uploads\/2026\/04\/the-joker-pic-4-michael-floessel.de_.jpg\" style=\"background: transparent no-repeat scroll 0% 0%; width: 1000px; height: 288px; aspect-ratio: 16\/9;\"><\/div><div class=\"relpost-block-single-text\"  style=\"height: 75px;font-family: Arial;  font-size: 12px;  color: rgb(237,201,23);\"><h4 class=\"relpost_card_title\">Test mit Android WordPress App<\/h4><\/div><\/div><\/a><a href=\"https:\/\/www.michael-floessel.de\/mfblog\/am-9-dezember-um-1445-im-swr-blog-der-modellbahnwelt-odenwald\/\"class=\"relpost-block-single\" ><div class=\"relpost-custom-block-single\"><div class=\"relpost-block-single-image rpt-lazyload\" aria-label=\"404-oder-muell-weg-ist-weg\" role=\"img\" data-bg=\"https:\/\/www.michael-floessel.de\/mfblog\/wp-content\/uploads\/2016\/03\/404-oder-muell-weg-ist-weg-1000x288.jpg\" style=\"background: transparent no-repeat scroll 0% 0%; width: 1000px; height: 288px; aspect-ratio: 16\/9;\"><\/div><div class=\"relpost-block-single-text\"  style=\"height: 75px;font-family: Arial;  font-size: 12px;  color: rgb(237,201,23);\"><h4 class=\"relpost_card_title\">Am 9. Dezember um 14:45 im SWR | Blog der Modellbahnwelt Odenwald<\/h4><\/div><\/div><\/a><a href=\"https:\/\/www.michael-floessel.de\/mfblog\/3-advent\/\"class=\"relpost-block-single\" ><div class=\"relpost-custom-block-single\"><div class=\"relpost-block-single-image rpt-lazyload\" aria-label=\"3. Advent 2012\" role=\"img\" data-bg=\"https:\/\/www.michael-floessel.de\/mfblog\/wp-content\/uploads\/2012\/12\/3_Advent_2012-505x288.jpg\" style=\"background: transparent no-repeat scroll 0% 0%; width: 1000px; height: 288px; aspect-ratio: 16\/9;\"><\/div><div class=\"relpost-block-single-text\"  style=\"height: 75px;font-family: Arial;  font-size: 12px;  color: rgb(237,201,23);\"><h4 class=\"relpost_card_title\">3. Advent<\/h4><\/div><\/div><\/a><a href=\"https:\/\/www.michael-floessel.de\/mfblog\/der-4-advent-2022\/\"class=\"relpost-block-single\" ><div class=\"relpost-custom-block-single\"><div class=\"relpost-block-single-image rpt-lazyload\" aria-label=\"4. Advent\" role=\"img\" data-bg=\"https:\/\/www.michael-floessel.de\/mfblog\/wp-content\/uploads\/2016\/12\/4kerzen-1000x288.jpg\" style=\"background: transparent no-repeat scroll 0% 0%; width: 1000px; height: 288px; aspect-ratio: 16\/9;\"><\/div><div class=\"relpost-block-single-text\"  style=\"height: 75px;font-family: Arial;  font-size: 12px;  color: rgb(237,201,23);\"><h4 class=\"relpost_card_title\">Der 4. Advent 2022<\/h4><\/div><\/div><\/a><\/div><!-- close relpost-block-container --><div style=\"clear: both\"><\/div><\/div><!-- close filter class --><\/div><!-- close relpost-thumb-wrapper -->","protected":false},"excerpt":{"rendered":"<p>Man kann ja nicht immer nur am L\u00f6tkolben h\u00e4ngen&#8230; Ich war zwar schon am Freitag da, muss es mir aber einfach hier festhalten. Die M\u00e4rkte hier im Odenwald haben schon eine andere Seele und Qualit\u00e4t als die im Ruhrpott. Finde &hellip; <a href=\"https:\/\/www.michael-floessel.de\/mfblog\/mal-auf-den-markt-gehen\/\">Weiterlesen <span class=\"meta-nav\">&rarr;<\/span><\/a><\/p>\n","protected":false},"author":2,"featured_media":13438,"comment_status":"open","ping_status":"open","sticky":false,"template":"","format":"standard","meta":{"_monsterinsights_skip_tracking":false,"_monsterinsights_sitenote_active":false,"_monsterinsights_sitenote_note":"","_monsterinsights_sitenote_category":0,"footnotes":""},"categories":[8,366],"tags":[2751,2750,1716,1477,1288,2752,769,2753],"class_list":["post-13437","post","type-post","status-publish","format-standard","has-post-thumbnail","hentry","category-personliches","category-regionales","tag-bauernmarkt","tag-erbach","tag-hessen","tag-markt","tag-odenwald","tag-region","tag-regional","tag-spezialitaet"],"aioseo_notices":[],"_links":{"self":[{"href":"https:\/\/www.michael-floessel.de\/mfblog\/wp-json\/wp\/v2\/posts\/13437","targetHints":{"allow":["GET"]}}],"collection":[{"href":"https:\/\/www.michael-floessel.de\/mfblog\/wp-json\/wp\/v2\/posts"}],"about":[{"href":"https:\/\/www.michael-floessel.de\/mfblog\/wp-json\/wp\/v2\/types\/post"}],"author":[{"embeddable":true,"href":"https:\/\/www.michael-floessel.de\/mfblog\/wp-json\/wp\/v2\/users\/2"}],"replies":[{"embeddable":true,"href":"https:\/\/www.michael-floessel.de\/mfblog\/wp-json\/wp\/v2\/comments?post=13437"}],"version-history":[{"count":0,"href":"https:\/\/www.michael-floessel.de\/mfblog\/wp-json\/wp\/v2\/posts\/13437\/revisions"}],"wp:featuredmedia":[{"embeddable":true,"href":"https:\/\/www.michael-floessel.de\/mfblog\/wp-json\/wp\/v2\/media\/13438"}],"wp:attachment":[{"href":"https:\/\/www.michael-floessel.de\/mfblog\/wp-json\/wp\/v2\/media?parent=13437"}],"wp:term":[{"taxonomy":"category","embeddable":true,"href":"https:\/\/www.michael-floessel.de\/mfblog\/wp-json\/wp\/v2\/categories?post=13437"},{"taxonomy":"post_tag","embeddable":true,"href":"https:\/\/www.michael-floessel.de\/mfblog\/wp-json\/wp\/v2\/tags?post=13437"}],"curies":[{"name":"wp","href":"https:\/\/api.w.org\/{rel}","templated":true}]}}