{"id":14190,"date":"2016-06-07T07:57:15","date_gmt":"2016-06-07T05:57:15","guid":{"rendered":"http:\/\/www.michael-floessel.de\/mfblog\/?p=14190"},"modified":"2019-10-26T09:22:12","modified_gmt":"2019-10-26T07:22:12","slug":"nostalgische-momente-2-oder-der-rest-voerde-niederrhein-vor-25-jahren","status":"publish","type":"post","link":"https:\/\/www.michael-floessel.de\/mfblog\/nostalgische-momente-2-oder-der-rest-voerde-niederrhein-vor-25-jahren\/","title":{"rendered":"Nostalgische Momente 2 (oder der Rest): Voerde Niederrhein vor ~ 25 Jahren"},"content":{"rendered":"<p><a href=\"http:\/\/www.michael-floessel.de\/mfblog\/wp-content\/uploads\/2016\/06\/voerde_eck_artikel.jpg\" target=\"_blank\" rel=\"noopener noreferrer\"><img loading=\"lazy\" decoding=\"async\" class=\"alignleft wp-image-14221 size-thumbnail\" src=\"http:\/\/www.michael-floessel.de\/mfblog\/wp-content\/uploads\/2016\/06\/voerde_eck_artikel-150x150.jpg\" alt=\"voerde_eck_artikel\" width=\"150\" height=\"150\" srcset=\"https:\/\/www.michael-floessel.de\/mfblog\/wp-content\/uploads\/2016\/06\/voerde_eck_artikel-150x150.jpg 150w, https:\/\/www.michael-floessel.de\/mfblog\/wp-content\/uploads\/2016\/06\/voerde_eck_artikel-320x320.jpg 320w, https:\/\/www.michael-floessel.de\/mfblog\/wp-content\/uploads\/2016\/06\/voerde_eck_artikel-300x300.jpg 300w, https:\/\/www.michael-floessel.de\/mfblog\/wp-content\/uploads\/2016\/06\/voerde_eck_artikel.jpg 848w\" sizes=\"auto, (max-width: 150px) 100vw, 150px\" \/><\/a>Eigentlich wollte ich mir mit dem <a href=\"http:\/\/www.michael-floessel.de\/mfblog\/nostalgische-momente-voerde-niederrhein-vor-25-jahren\/\" target=\"_blank\" rel=\"noopener noreferrer\">vorherigen Artikel<\/a> ja nur ein paar alte \u00a0Bilder aus Voerde erhalten. Vielleicht mag so <del>sentimentales<\/del> nostalgisches Zeug ja noch jemand, blogge sie mal, habe ich so gedacht <img src=\"https:\/\/www.michael-floessel.de\/mfblog\/wp-content\/plugins\/classic-smilies\/img\/icon_wink.gif\" alt=\";-)\" class=\"wp-smiley\" style=\"height: 1em; max-height: 1em;\" \/><\/p>\n<p>Bisher hat es allerdings nur wenige Artikel hier im Blog gegeben, die eine solche Menge von positivem Feedback innerhalb kurzer Zeit angesp\u00fclt haben, so macht&#8217;s Spa\u00df!<\/p>\n<p>Das meiste waren Fragen in der Art &#8222;<em>Hast Du auch Bilder von Ort A oder Ereignis B?<\/em>&#8220;<\/p>\n<p>Leider kann ich keinen der W\u00fcnsche erf\u00fcllen, habe wirklich nur die Fotos, welche schon gepostet sind und nun noch die, die hier und jetzt kommen.<\/p>\n<p>Kurz gesagt, ich habe noch einmal alles an Bildern zusammengekramt, was in den Ecken der Datensammlungen lag bzw. liegt und hinterlege sie unten in der Gallerie:<\/p>\n\n\t\t<style type=\"text\/css\">\n\t\t\t#gallery-1 {\n\t\t\t\tmargin: auto;\n\t\t\t}\n\t\t\t#gallery-1 .gallery-item {\n\t\t\t\tfloat: left;\n\t\t\t\tmargin-top: 10px;\n\t\t\t\ttext-align: center;\n\t\t\t\twidth: 50%;\n\t\t\t}\n\t\t\t#gallery-1 img {\n\t\t\t\tborder: 2px solid #cfcfcf;\n\t\t\t}\n\t\t\t#gallery-1 .gallery-caption {\n\t\t\t\tmargin-left: 0;\n\t\t\t}\n\t\t\t\/* see gallery_shortcode() in wp-includes\/media.php *\/\n\t\t<\/style>\n\t\t<div id='gallery-1' class='gallery galleryid-14190 gallery-columns-2 gallery-size-medium'><dl class='gallery-item'>\n\t\t\t<dt class='gallery-icon portrait'>\n\t\t\t\t<a href='https:\/\/www.michael-floessel.de\/mfblog\/nostalgische-momente-2-oder-der-rest-voerde-niederrhein-vor-25-jahren\/voerde_steag2\/'><img loading=\"lazy\" decoding=\"async\" width=\"320\" height=\"320\" src=\"https:\/\/www.michael-floessel.de\/mfblog\/wp-content\/uploads\/2016\/06\/voerde_steag2-320x320.jpg\" class=\"attachment-medium size-medium\" alt=\"\" aria-describedby=\"gallery-1-14212\" srcset=\"https:\/\/www.michael-floessel.de\/mfblog\/wp-content\/uploads\/2016\/06\/voerde_steag2-320x320.jpg 320w, https:\/\/www.michael-floessel.de\/mfblog\/wp-content\/uploads\/2016\/06\/voerde_steag2-150x150.jpg 150w, https:\/\/www.michael-floessel.de\/mfblog\/wp-content\/uploads\/2016\/06\/voerde_steag2-300x300.jpg 300w, https:\/\/www.michael-floessel.de\/mfblog\/wp-content\/uploads\/2016\/06\/voerde_steag2.jpg 600w\" sizes=\"auto, (max-width: 320px) 100vw, 320px\" \/><\/a>\n\t\t\t<\/dt>\n\t\t\t\t<dd class='wp-caption-text gallery-caption' id='gallery-1-14212'>\n\t\t\t\tAnfang der 80er, da war der K\u00fchlturm vom Kraftwerk Voerde noch recht neu.\n\t\t\t\t<\/dd><\/dl><dl class='gallery-item'>\n\t\t\t<dt class='gallery-icon landscape'>\n\t\t\t\t<a href='https:\/\/www.michael-floessel.de\/mfblog\/nostalgische-momente-2-oder-der-rest-voerde-niederrhein-vor-25-jahren\/voerde_steag\/'><img loading=\"lazy\" decoding=\"async\" width=\"320\" height=\"298\" src=\"https:\/\/www.michael-floessel.de\/mfblog\/wp-content\/uploads\/2016\/06\/voerde_steag-320x298.jpg\" class=\"attachment-medium size-medium\" alt=\"\" aria-describedby=\"gallery-1-14211\" srcset=\"https:\/\/www.michael-floessel.de\/mfblog\/wp-content\/uploads\/2016\/06\/voerde_steag-320x298.jpg 320w, https:\/\/www.michael-floessel.de\/mfblog\/wp-content\/uploads\/2016\/06\/voerde_steag-150x140.jpg 150w, https:\/\/www.michael-floessel.de\/mfblog\/wp-content\/uploads\/2016\/06\/voerde_steag-322x300.jpg 322w, https:\/\/www.michael-floessel.de\/mfblog\/wp-content\/uploads\/2016\/06\/voerde_steag.jpg 578w\" sizes=\"auto, (max-width: 320px) 100vw, 320px\" \/><\/a>\n\t\t\t<\/dt>\n\t\t\t\t<dd class='wp-caption-text gallery-caption' id='gallery-1-14211'>\n\t\t\t\tKraftwerk Voerde, hatte damals ja keine Ahnung, dass dieses Thema 2016 recht aktuell ist&#8230; Foto um 1983.\n\t\t\t\t<\/dd><\/dl><br style=\"clear: both\" \/><dl class='gallery-item'>\n\t\t\t<dt class='gallery-icon landscape'>\n\t\t\t\t<a href='https:\/\/www.michael-floessel.de\/mfblog\/nostalgische-momente-2-oder-der-rest-voerde-niederrhein-vor-25-jahren\/voerde_ponykutsche2\/'><img loading=\"lazy\" decoding=\"async\" width=\"320\" height=\"219\" src=\"https:\/\/www.michael-floessel.de\/mfblog\/wp-content\/uploads\/2016\/06\/voerde_ponykutsche2-320x219.jpg\" class=\"attachment-medium size-medium\" alt=\"\" aria-describedby=\"gallery-1-14210\" srcset=\"https:\/\/www.michael-floessel.de\/mfblog\/wp-content\/uploads\/2016\/06\/voerde_ponykutsche2-320x219.jpg 320w, https:\/\/www.michael-floessel.de\/mfblog\/wp-content\/uploads\/2016\/06\/voerde_ponykutsche2-150x103.jpg 150w, https:\/\/www.michael-floessel.de\/mfblog\/wp-content\/uploads\/2016\/06\/voerde_ponykutsche2-438x300.jpg 438w, https:\/\/www.michael-floessel.de\/mfblog\/wp-content\/uploads\/2016\/06\/voerde_ponykutsche2.jpg 1024w\" sizes=\"auto, (max-width: 320px) 100vw, 320px\" \/><\/a>\n\t\t\t<\/dt>\n\t\t\t\t<dd class='wp-caption-text gallery-caption' id='gallery-1-14210'>\n\t\t\t\tPonys und Kutschen, irgendwann in der 90ern\n\t\t\t\t<\/dd><\/dl><dl class='gallery-item'>\n\t\t\t<dt class='gallery-icon landscape'>\n\t\t\t\t<a href='https:\/\/www.michael-floessel.de\/mfblog\/nostalgische-momente-2-oder-der-rest-voerde-niederrhein-vor-25-jahren\/voerde_ponykutsche\/'><img loading=\"lazy\" decoding=\"async\" width=\"320\" height=\"224\" src=\"https:\/\/www.michael-floessel.de\/mfblog\/wp-content\/uploads\/2016\/06\/voerde_ponykutsche-320x224.jpg\" class=\"attachment-medium size-medium\" alt=\"\" aria-describedby=\"gallery-1-14209\" srcset=\"https:\/\/www.michael-floessel.de\/mfblog\/wp-content\/uploads\/2016\/06\/voerde_ponykutsche-320x224.jpg 320w, https:\/\/www.michael-floessel.de\/mfblog\/wp-content\/uploads\/2016\/06\/voerde_ponykutsche-150x105.jpg 150w, https:\/\/www.michael-floessel.de\/mfblog\/wp-content\/uploads\/2016\/06\/voerde_ponykutsche-428x300.jpg 428w, https:\/\/www.michael-floessel.de\/mfblog\/wp-content\/uploads\/2016\/06\/voerde_ponykutsche.jpg 1024w\" sizes=\"auto, (max-width: 320px) 100vw, 320px\" \/><\/a>\n\t\t\t<\/dt>\n\t\t\t\t<dd class='wp-caption-text gallery-caption' id='gallery-1-14209'>\n\t\t\t\tDie Ponys eben <img src=\"https:\/\/www.michael-floessel.de\/mfblog\/wp-content\/plugins\/classic-smilies\/img\/icon_smile.gif\" alt=\":-)\" class=\"wp-smiley\" style=\"height: 1em; max-height: 1em;\" \/>\n\t\t\t\t<\/dd><\/dl><br style=\"clear: both\" \/><dl class='gallery-item'>\n\t\t\t<dt class='gallery-icon portrait'>\n\t\t\t\t<a href='https:\/\/www.michael-floessel.de\/mfblog\/nostalgische-momente-2-oder-der-rest-voerde-niederrhein-vor-25-jahren\/voerde_fw_rathaus\/'><img loading=\"lazy\" decoding=\"async\" width=\"318\" height=\"320\" src=\"https:\/\/www.michael-floessel.de\/mfblog\/wp-content\/uploads\/2016\/06\/voerde_fw_rathaus-318x320.jpg\" class=\"attachment-medium size-medium\" alt=\"\" aria-describedby=\"gallery-1-14208\" srcset=\"https:\/\/www.michael-floessel.de\/mfblog\/wp-content\/uploads\/2016\/06\/voerde_fw_rathaus-318x320.jpg 318w, https:\/\/www.michael-floessel.de\/mfblog\/wp-content\/uploads\/2016\/06\/voerde_fw_rathaus-150x150.jpg 150w, https:\/\/www.michael-floessel.de\/mfblog\/wp-content\/uploads\/2016\/06\/voerde_fw_rathaus-298x300.jpg 298w, https:\/\/www.michael-floessel.de\/mfblog\/wp-content\/uploads\/2016\/06\/voerde_fw_rathaus.jpg 640w\" sizes=\"auto, (max-width: 318px) 100vw, 318px\" \/><\/a>\n\t\t\t<\/dt>\n\t\t\t\t<dd class='wp-caption-text gallery-caption' id='gallery-1-14208'>\n\t\t\t\tMaimarkt, glaube ich&#8230;\n\t\t\t\t<\/dd><\/dl><dl class='gallery-item'>\n\t\t\t<dt class='gallery-icon landscape'>\n\t\t\t\t<a href='https:\/\/www.michael-floessel.de\/mfblog\/nostalgische-momente-2-oder-der-rest-voerde-niederrhein-vor-25-jahren\/voerde_dampflok_b\/'><img loading=\"lazy\" decoding=\"async\" width=\"320\" height=\"222\" src=\"https:\/\/www.michael-floessel.de\/mfblog\/wp-content\/uploads\/2016\/06\/voerde_dampflok_b-320x222.jpg\" class=\"attachment-medium size-medium\" alt=\"\" aria-describedby=\"gallery-1-14207\" srcset=\"https:\/\/www.michael-floessel.de\/mfblog\/wp-content\/uploads\/2016\/06\/voerde_dampflok_b-320x222.jpg 320w, https:\/\/www.michael-floessel.de\/mfblog\/wp-content\/uploads\/2016\/06\/voerde_dampflok_b-150x104.jpg 150w, https:\/\/www.michael-floessel.de\/mfblog\/wp-content\/uploads\/2016\/06\/voerde_dampflok_b-433x300.jpg 433w, https:\/\/www.michael-floessel.de\/mfblog\/wp-content\/uploads\/2016\/06\/voerde_dampflok_b.jpg 780w\" sizes=\"auto, (max-width: 320px) 100vw, 320px\" \/><\/a>\n\t\t\t<\/dt>\n\t\t\t\t<dd class='wp-caption-text gallery-caption' id='gallery-1-14207'>\n\t\t\t\tNostalgiefahrt einer 41er, muss auch Anfang der 90er sein.\n\t\t\t\t<\/dd><\/dl><br style=\"clear: both\" \/><dl class='gallery-item'>\n\t\t\t<dt class='gallery-icon landscape'>\n\t\t\t\t<a href='https:\/\/www.michael-floessel.de\/mfblog\/nostalgische-momente-2-oder-der-rest-voerde-niederrhein-vor-25-jahren\/voerde_dampflok_a\/'><img loading=\"lazy\" decoding=\"async\" width=\"320\" height=\"213\" src=\"https:\/\/www.michael-floessel.de\/mfblog\/wp-content\/uploads\/2016\/06\/voerde_dampflok_a-320x213.jpg\" class=\"attachment-medium size-medium\" alt=\"\" aria-describedby=\"gallery-1-14206\" srcset=\"https:\/\/www.michael-floessel.de\/mfblog\/wp-content\/uploads\/2016\/06\/voerde_dampflok_a-320x213.jpg 320w, https:\/\/www.michael-floessel.de\/mfblog\/wp-content\/uploads\/2016\/06\/voerde_dampflok_a-150x100.jpg 150w, https:\/\/www.michael-floessel.de\/mfblog\/wp-content\/uploads\/2016\/06\/voerde_dampflok_a-450x300.jpg 450w, https:\/\/www.michael-floessel.de\/mfblog\/wp-content\/uploads\/2016\/06\/voerde_dampflok_a.jpg 1024w\" sizes=\"auto, (max-width: 320px) 100vw, 320px\" \/><\/a>\n\t\t\t<\/dt>\n\t\t\t\t<dd class='wp-caption-text gallery-caption' id='gallery-1-14206'>\n\t\t\t\tWieder die BR41\n\t\t\t\t<\/dd><\/dl><dl class='gallery-item'>\n\t\t\t<dt class='gallery-icon landscape'>\n\t\t\t\t<a href='https:\/\/www.michael-floessel.de\/mfblog\/nostalgische-momente-2-oder-der-rest-voerde-niederrhein-vor-25-jahren\/voerde_bbakare\/'><img loading=\"lazy\" decoding=\"async\" width=\"320\" height=\"223\" src=\"https:\/\/www.michael-floessel.de\/mfblog\/wp-content\/uploads\/2016\/06\/voerde_bbakare-320x223.jpg\" class=\"attachment-medium size-medium\" alt=\"\" aria-describedby=\"gallery-1-14205\" srcset=\"https:\/\/www.michael-floessel.de\/mfblog\/wp-content\/uploads\/2016\/06\/voerde_bbakare-320x223.jpg 320w, https:\/\/www.michael-floessel.de\/mfblog\/wp-content\/uploads\/2016\/06\/voerde_bbakare-150x105.jpg 150w, https:\/\/www.michael-floessel.de\/mfblog\/wp-content\/uploads\/2016\/06\/voerde_bbakare-430x300.jpg 430w, https:\/\/www.michael-floessel.de\/mfblog\/wp-content\/uploads\/2016\/06\/voerde_bbakare.jpg 780w\" sizes=\"auto, (max-width: 320px) 100vw, 320px\" \/><\/a>\n\t\t\t<\/dt>\n\t\t\t\t<dd class='wp-caption-text gallery-caption' id='gallery-1-14205'>\n\t\t\t\tKarnevalszug 199x\n\t\t\t\t<\/dd><\/dl><br style=\"clear: both\" \/><dl class='gallery-item'>\n\t\t\t<dt class='gallery-icon landscape'>\n\t\t\t\t<a href='https:\/\/www.michael-floessel.de\/mfblog\/nostalgische-momente-2-oder-der-rest-voerde-niederrhein-vor-25-jahren\/voerde_bbakard\/'><img loading=\"lazy\" decoding=\"async\" width=\"320\" height=\"225\" src=\"https:\/\/www.michael-floessel.de\/mfblog\/wp-content\/uploads\/2016\/06\/voerde_bbakard-320x225.jpg\" class=\"attachment-medium size-medium\" alt=\"\" aria-describedby=\"gallery-1-14204\" srcset=\"https:\/\/www.michael-floessel.de\/mfblog\/wp-content\/uploads\/2016\/06\/voerde_bbakard-320x225.jpg 320w, https:\/\/www.michael-floessel.de\/mfblog\/wp-content\/uploads\/2016\/06\/voerde_bbakard-150x106.jpg 150w, https:\/\/www.michael-floessel.de\/mfblog\/wp-content\/uploads\/2016\/06\/voerde_bbakard-426x300.jpg 426w, https:\/\/www.michael-floessel.de\/mfblog\/wp-content\/uploads\/2016\/06\/voerde_bbakard.jpg 700w\" sizes=\"auto, (max-width: 320px) 100vw, 320px\" \/><\/a>\n\t\t\t<\/dt>\n\t\t\t\t<dd class='wp-caption-text gallery-caption' id='gallery-1-14204'>\n\t\t\t\t&#8230; der gleiche Karnevalszug&#8230;\n\t\t\t\t<\/dd><\/dl><dl class='gallery-item'>\n\t\t\t<dt class='gallery-icon landscape'>\n\t\t\t\t<a href='https:\/\/www.michael-floessel.de\/mfblog\/nostalgische-momente-2-oder-der-rest-voerde-niederrhein-vor-25-jahren\/voerde_bbakarc\/'><img loading=\"lazy\" decoding=\"async\" width=\"320\" height=\"220\" src=\"https:\/\/www.michael-floessel.de\/mfblog\/wp-content\/uploads\/2016\/06\/voerde_bbakarc-320x220.jpg\" class=\"attachment-medium size-medium\" alt=\"\" aria-describedby=\"gallery-1-14203\" srcset=\"https:\/\/www.michael-floessel.de\/mfblog\/wp-content\/uploads\/2016\/06\/voerde_bbakarc-320x220.jpg 320w, https:\/\/www.michael-floessel.de\/mfblog\/wp-content\/uploads\/2016\/06\/voerde_bbakarc-150x103.jpg 150w, https:\/\/www.michael-floessel.de\/mfblog\/wp-content\/uploads\/2016\/06\/voerde_bbakarc-436x300.jpg 436w, https:\/\/www.michael-floessel.de\/mfblog\/wp-content\/uploads\/2016\/06\/voerde_bbakarc.jpg 600w\" sizes=\"auto, (max-width: 320px) 100vw, 320px\" \/><\/a>\n\t\t\t<\/dt>\n\t\t\t\t<dd class='wp-caption-text gallery-caption' id='gallery-1-14203'>\n\t\t\t\t&#8230; Karnevalszug&#8230;\n\t\t\t\t<\/dd><\/dl><br style=\"clear: both\" \/><dl class='gallery-item'>\n\t\t\t<dt class='gallery-icon landscape'>\n\t\t\t\t<a href='https:\/\/www.michael-floessel.de\/mfblog\/nostalgische-momente-2-oder-der-rest-voerde-niederrhein-vor-25-jahren\/voerde_bbakarb\/'><img loading=\"lazy\" decoding=\"async\" width=\"320\" height=\"220\" src=\"https:\/\/www.michael-floessel.de\/mfblog\/wp-content\/uploads\/2016\/06\/voerde_bbakarb-320x220.jpg\" class=\"attachment-medium size-medium\" alt=\"\" aria-describedby=\"gallery-1-14202\" srcset=\"https:\/\/www.michael-floessel.de\/mfblog\/wp-content\/uploads\/2016\/06\/voerde_bbakarb-320x220.jpg 320w, https:\/\/www.michael-floessel.de\/mfblog\/wp-content\/uploads\/2016\/06\/voerde_bbakarb-150x103.jpg 150w, https:\/\/www.michael-floessel.de\/mfblog\/wp-content\/uploads\/2016\/06\/voerde_bbakarb-436x300.jpg 436w, https:\/\/www.michael-floessel.de\/mfblog\/wp-content\/uploads\/2016\/06\/voerde_bbakarb.jpg 600w\" sizes=\"auto, (max-width: 320px) 100vw, 320px\" \/><\/a>\n\t\t\t<\/dt>\n\t\t\t\t<dd class='wp-caption-text gallery-caption' id='gallery-1-14202'>\n\t\t\t\t&#8230;Karnevals&#8230;\n\t\t\t\t<\/dd><\/dl><dl class='gallery-item'>\n\t\t\t<dt class='gallery-icon landscape'>\n\t\t\t\t<a href='https:\/\/www.michael-floessel.de\/mfblog\/nostalgische-momente-2-oder-der-rest-voerde-niederrhein-vor-25-jahren\/voerde_bbakara\/'><img loading=\"lazy\" decoding=\"async\" width=\"320\" height=\"221\" src=\"https:\/\/www.michael-floessel.de\/mfblog\/wp-content\/uploads\/2016\/06\/voerde_bbakara-320x221.jpg\" class=\"attachment-medium size-medium\" alt=\"\" aria-describedby=\"gallery-1-14201\" srcset=\"https:\/\/www.michael-floessel.de\/mfblog\/wp-content\/uploads\/2016\/06\/voerde_bbakara-320x221.jpg 320w, https:\/\/www.michael-floessel.de\/mfblog\/wp-content\/uploads\/2016\/06\/voerde_bbakara-150x104.jpg 150w, https:\/\/www.michael-floessel.de\/mfblog\/wp-content\/uploads\/2016\/06\/voerde_bbakara-434x300.jpg 434w, https:\/\/www.michael-floessel.de\/mfblog\/wp-content\/uploads\/2016\/06\/voerde_bbakara.jpg 600w\" sizes=\"auto, (max-width: 320px) 100vw, 320px\" \/><\/a>\n\t\t\t<\/dt>\n\t\t\t\t<dd class='wp-caption-text gallery-caption' id='gallery-1-14201'>\n\t\t\t\t&#8230; zug!\n\t\t\t\t<\/dd><\/dl><br style=\"clear: both\" \/><dl class='gallery-item'>\n\t\t\t<dt class='gallery-icon landscape'>\n\t\t\t\t<a href='https:\/\/www.michael-floessel.de\/mfblog\/nostalgische-momente-2-oder-der-rest-voerde-niederrhein-vor-25-jahren\/voerde_bakarc\/'><img loading=\"lazy\" decoding=\"async\" width=\"320\" height=\"292\" src=\"https:\/\/www.michael-floessel.de\/mfblog\/wp-content\/uploads\/2016\/06\/voerde_bakarc-320x292.jpg\" class=\"attachment-medium size-medium\" alt=\"\" aria-describedby=\"gallery-1-14200\" srcset=\"https:\/\/www.michael-floessel.de\/mfblog\/wp-content\/uploads\/2016\/06\/voerde_bakarc-320x292.jpg 320w, https:\/\/www.michael-floessel.de\/mfblog\/wp-content\/uploads\/2016\/06\/voerde_bakarc-150x137.jpg 150w, https:\/\/www.michael-floessel.de\/mfblog\/wp-content\/uploads\/2016\/06\/voerde_bakarc-328x300.jpg 328w, https:\/\/www.michael-floessel.de\/mfblog\/wp-content\/uploads\/2016\/06\/voerde_bakarc.jpg 650w\" sizes=\"auto, (max-width: 320px) 100vw, 320px\" \/><\/a>\n\t\t\t<\/dt>\n\t\t\t\t<dd class='wp-caption-text gallery-caption' id='gallery-1-14200'>\n\t\t\t\tDiesmal ein Karnevalszug Mitte der 80er, aufgenommen bei der Fahrt durch den &#8222;Buschacker&#8220;\n\t\t\t\t<\/dd><\/dl><dl class='gallery-item'>\n\t\t\t<dt class='gallery-icon portrait'>\n\t\t\t\t<a href='https:\/\/www.michael-floessel.de\/mfblog\/nostalgische-momente-2-oder-der-rest-voerde-niederrhein-vor-25-jahren\/voerde_bakarb\/'><img loading=\"lazy\" decoding=\"async\" width=\"312\" height=\"320\" src=\"https:\/\/www.michael-floessel.de\/mfblog\/wp-content\/uploads\/2016\/06\/voerde_bakarb-312x320.jpg\" class=\"attachment-medium size-medium\" alt=\"\" aria-describedby=\"gallery-1-14199\" srcset=\"https:\/\/www.michael-floessel.de\/mfblog\/wp-content\/uploads\/2016\/06\/voerde_bakarb-312x320.jpg 312w, https:\/\/www.michael-floessel.de\/mfblog\/wp-content\/uploads\/2016\/06\/voerde_bakarb-146x150.jpg 146w, https:\/\/www.michael-floessel.de\/mfblog\/wp-content\/uploads\/2016\/06\/voerde_bakarb-293x300.jpg 293w, https:\/\/www.michael-floessel.de\/mfblog\/wp-content\/uploads\/2016\/06\/voerde_bakarb.jpg 524w\" sizes=\"auto, (max-width: 312px) 100vw, 312px\" \/><\/a>\n\t\t\t<\/dt>\n\t\t\t\t<dd class='wp-caption-text gallery-caption' id='gallery-1-14199'>\n\t\t\t\tKarnevalszug &#8222;Buschacker&#8220; eben <img src=\"https:\/\/www.michael-floessel.de\/mfblog\/wp-content\/plugins\/classic-smilies\/img\/icon_smile.gif\" alt=\":-)\" class=\"wp-smiley\" style=\"height: 1em; max-height: 1em;\" \/>\n\t\t\t\t<\/dd><\/dl><br style=\"clear: both\" \/><dl class='gallery-item'>\n\t\t\t<dt class='gallery-icon portrait'>\n\t\t\t\t<a href='https:\/\/www.michael-floessel.de\/mfblog\/nostalgische-momente-2-oder-der-rest-voerde-niederrhein-vor-25-jahren\/voerde_bakara\/'><img loading=\"lazy\" decoding=\"async\" width=\"312\" height=\"320\" src=\"https:\/\/www.michael-floessel.de\/mfblog\/wp-content\/uploads\/2016\/06\/voerde_bakara-312x320.jpg\" class=\"attachment-medium size-medium\" alt=\"\" aria-describedby=\"gallery-1-14198\" srcset=\"https:\/\/www.michael-floessel.de\/mfblog\/wp-content\/uploads\/2016\/06\/voerde_bakara-312x320.jpg 312w, https:\/\/www.michael-floessel.de\/mfblog\/wp-content\/uploads\/2016\/06\/voerde_bakara-146x150.jpg 146w, https:\/\/www.michael-floessel.de\/mfblog\/wp-content\/uploads\/2016\/06\/voerde_bakara-292x300.jpg 292w, https:\/\/www.michael-floessel.de\/mfblog\/wp-content\/uploads\/2016\/06\/voerde_bakara.jpg 524w\" sizes=\"auto, (max-width: 312px) 100vw, 312px\" \/><\/a>\n\t\t\t<\/dt>\n\t\t\t\t<dd class='wp-caption-text gallery-caption' id='gallery-1-14198'>\n\t\t\t\tMuss ziemlich mieses Wetter gewesen sein&#8230;\n\t\t\t\t<\/dd><\/dl><dl class='gallery-item'>\n\t\t\t<dt class='gallery-icon portrait'>\n\t\t\t\t<a href='https:\/\/www.michael-floessel.de\/mfblog\/nostalgische-momente-2-oder-der-rest-voerde-niederrhein-vor-25-jahren\/voerde_bac\/'><img loading=\"lazy\" decoding=\"async\" width=\"320\" height=\"320\" src=\"https:\/\/www.michael-floessel.de\/mfblog\/wp-content\/uploads\/2016\/06\/voerde_bac-320x320.jpg\" class=\"attachment-medium size-medium\" alt=\"\" aria-describedby=\"gallery-1-14197\" srcset=\"https:\/\/www.michael-floessel.de\/mfblog\/wp-content\/uploads\/2016\/06\/voerde_bac-320x320.jpg 320w, https:\/\/www.michael-floessel.de\/mfblog\/wp-content\/uploads\/2016\/06\/voerde_bac-150x150.jpg 150w, https:\/\/www.michael-floessel.de\/mfblog\/wp-content\/uploads\/2016\/06\/voerde_bac-300x300.jpg 300w, https:\/\/www.michael-floessel.de\/mfblog\/wp-content\/uploads\/2016\/06\/voerde_bac.jpg 600w\" sizes=\"auto, (max-width: 320px) 100vw, 320px\" \/><\/a>\n\t\t\t<\/dt>\n\t\t\t\t<dd class='wp-caption-text gallery-caption' id='gallery-1-14197'>\n\t\t\t\tIm Buschacker, Blickrichtung Bahnstrecke\n\t\t\t\t<\/dd><\/dl><br style=\"clear: both\" \/><dl class='gallery-item'>\n\t\t\t<dt class='gallery-icon landscape'>\n\t\t\t\t<a href='https:\/\/www.michael-floessel.de\/mfblog\/nostalgische-momente-2-oder-der-rest-voerde-niederrhein-vor-25-jahren\/voerde_aschplatz1\/'><img loading=\"lazy\" decoding=\"async\" width=\"320\" height=\"207\" src=\"https:\/\/www.michael-floessel.de\/mfblog\/wp-content\/uploads\/2016\/06\/voerde_aschplatz1-320x207.jpg\" class=\"attachment-medium size-medium\" alt=\"\" aria-describedby=\"gallery-1-14195\" srcset=\"https:\/\/www.michael-floessel.de\/mfblog\/wp-content\/uploads\/2016\/06\/voerde_aschplatz1-320x207.jpg 320w, https:\/\/www.michael-floessel.de\/mfblog\/wp-content\/uploads\/2016\/06\/voerde_aschplatz1-150x97.jpg 150w, https:\/\/www.michael-floessel.de\/mfblog\/wp-content\/uploads\/2016\/06\/voerde_aschplatz1-463x300.jpg 463w, https:\/\/www.michael-floessel.de\/mfblog\/wp-content\/uploads\/2016\/06\/voerde_aschplatz1.jpg 800w\" sizes=\"auto, (max-width: 320px) 100vw, 320px\" \/><\/a>\n\t\t\t<\/dt>\n\t\t\t\t<dd class='wp-caption-text gallery-caption' id='gallery-1-14195'>\n\t\t\t\tDer ehemalige Schotterplatz gegen\u00fcber dem Rathaus, Blickrichtung Marktplatz.\n\t\t\t\t<\/dd><\/dl><dl class='gallery-item'>\n\t\t\t<dt class='gallery-icon landscape'>\n\t\t\t\t<a href='https:\/\/www.michael-floessel.de\/mfblog\/nostalgische-momente-2-oder-der-rest-voerde-niederrhein-vor-25-jahren\/voerde_aschplatzb\/'><img loading=\"lazy\" decoding=\"async\" width=\"320\" height=\"142\" src=\"https:\/\/www.michael-floessel.de\/mfblog\/wp-content\/uploads\/2016\/06\/voerde_aschplatzb-320x142.jpg\" class=\"attachment-medium size-medium\" alt=\"\" aria-describedby=\"gallery-1-14214\" srcset=\"https:\/\/www.michael-floessel.de\/mfblog\/wp-content\/uploads\/2016\/06\/voerde_aschplatzb-320x142.jpg 320w, https:\/\/www.michael-floessel.de\/mfblog\/wp-content\/uploads\/2016\/06\/voerde_aschplatzb-150x67.jpg 150w, https:\/\/www.michael-floessel.de\/mfblog\/wp-content\/uploads\/2016\/06\/voerde_aschplatzb-500x223.jpg 500w, https:\/\/www.michael-floessel.de\/mfblog\/wp-content\/uploads\/2016\/06\/voerde_aschplatzb.jpg 800w\" sizes=\"auto, (max-width: 320px) 100vw, 320px\" \/><\/a>\n\t\t\t<\/dt>\n\t\t\t\t<dd class='wp-caption-text gallery-caption' id='gallery-1-14214'>\n\t\t\t\tSchotterplatz, Blickrichtung Teichacker\n\t\t\t\t<\/dd><\/dl><br style=\"clear: both\" \/>\n\t\t<\/div>\n\n<p>&nbsp;<\/p>\n<p>F\u00fcr den Rest der Welt wahrscheinlich einfach nur Fotos, unsereiner hat nat\u00fcrlich zu allem eine Menge Erinnerungen. Ein paar Bilder werden einigen meiner Bekannten oder auch Freunden nicht fremd sein, mal sehen, wer sich noch so alles meldet <img src=\"https:\/\/www.michael-floessel.de\/mfblog\/wp-content\/plugins\/classic-smilies\/img\/icon_wink.gif\" alt=\";-)\" class=\"wp-smiley\" style=\"height: 1em; max-height: 1em;\" \/><\/p>\n<p><strong>Das war&#8217;s nun aber wirklich <img src=\"https:\/\/www.michael-floessel.de\/mfblog\/wp-content\/plugins\/classic-smilies\/img\/icon_smile.gif\" alt=\":-)\" class=\"wp-smiley\" style=\"height: 1em; max-height: 1em;\" \/><\/strong><\/p>\n<p>PS: Suche immer noch selber alle m\u00f6glichen Fotos rund um Voerde, Dinslaken und drumherum aus dieser Zeit! Eher f\u00fcr mich selber, weniger zum Ver\u00f6ffentlichen, es sei, dies ist gew\u00fcnscht. Schickt den Kram dann einfach <a href=\"mailto:blog@michael-floessel.de\" target=\"_blank\" rel=\"noopener noreferrer\">per Mail<\/a> <img src=\"https:\/\/www.michael-floessel.de\/mfblog\/wp-content\/plugins\/classic-smilies\/img\/icon_mrgreen.gif\" alt=\":mrgreen:\" class=\"wp-smiley\" style=\"height: 1em; max-height: 1em;\" \/><\/p>\n<p>&nbsp;<\/p>\n<p>&nbsp;<\/p>\n<p>&nbsp;<\/p>\n<p>&nbsp;<\/p>\n<p>&nbsp;<\/p>\n<!-- relpost-thumb-wrapper --><div class=\"relpost-thumb-wrapper\"><!-- filter-class --><div class=\"relpost-thumb-container\"><style>.relpost-block-single-image, .relpost-post-image { margin-bottom: 10px; }<\/style><h3>Related posts:<\/h3><div style=\"clear: both\"><\/div><div style=\"clear: both\"><\/div><!-- relpost-block-container --><div class=\"relpost-block-container relpost-block-column-layout\" style=\"--relposth-columns: 4;--relposth-columns_t: 3; --relposth-columns_m: 2\"><a href=\"https:\/\/www.michael-floessel.de\/mfblog\/fotostrecke-zur-bombensprengung-in-duisburg-waz-de\/\"class=\"relpost-block-single\" ><div class=\"relpost-custom-block-single\"><div class=\"relpost-block-single-image rpt-lazyload\" aria-hidden=\"true\" role=\"img\" data-bg=\"https:\/\/www.michael-floessel.de\/mfblog\/wp-content\/uploads\/2026\/04\/the-joker-pic-4-michael-floessel.de_.jpg\" style=\"background: transparent no-repeat scroll 0% 0%; width: 1000px; height: 288px; aspect-ratio: 16\/9;\"><\/div><div class=\"relpost-block-single-text\"  style=\"height: 75px;font-family: Arial;  font-size: 12px;  color: rgb(237,201,23);\"><h4 class=\"relpost_card_title\">Fotostrecke zur Bombensprengung in Duisburg | WAZ.de<\/h4><\/div><\/div><\/a><a href=\"https:\/\/www.michael-floessel.de\/mfblog\/frohe-weihnachten-2013-euch-allen\/\"class=\"relpost-block-single\" ><div class=\"relpost-custom-block-single\"><div class=\"relpost-block-single-image rpt-lazyload\" aria-hidden=\"true\" role=\"img\" data-bg=\"https:\/\/www.michael-floessel.de\/mfblog\/wp-content\/uploads\/2013\/12\/Frohe_Weihnachten_2013_www.michael-floessel.de_-_Header-1000x288.jpg\" style=\"background: transparent no-repeat scroll 0% 0%; width: 1000px; height: 288px; aspect-ratio: 16\/9;\"><\/div><div class=\"relpost-block-single-text\"  style=\"height: 75px;font-family: Arial;  font-size: 12px;  color: rgb(237,201,23);\"><h4 class=\"relpost_card_title\">Frohe Weihnachten 2013 Euch allen!<\/h4><\/div><\/div><\/a><a href=\"https:\/\/www.michael-floessel.de\/mfblog\/tabs-im-browser-zu-schnell-geschlossen\/\"class=\"relpost-block-single\" ><div class=\"relpost-custom-block-single\"><div class=\"relpost-block-single-image rpt-lazyload\" aria-hidden=\"true\" role=\"img\" data-bg=\"https:\/\/www.michael-floessel.de\/mfblog\/wp-content\/uploads\/2026\/04\/the-joker-pic-4-michael-floessel.de_.jpg\" style=\"background: transparent no-repeat scroll 0% 0%; width: 1000px; height: 288px; aspect-ratio: 16\/9;\"><\/div><div class=\"relpost-block-single-text\"  style=\"height: 75px;font-family: Arial;  font-size: 12px;  color: rgb(237,201,23);\"><h4 class=\"relpost_card_title\">Tabs im Browser zu schnell geschlossen...<\/h4><\/div><\/div><\/a><a href=\"https:\/\/www.michael-floessel.de\/mfblog\/mein-senf-zum-thema-backereisterben\/\"class=\"relpost-block-single\" ><div class=\"relpost-custom-block-single\"><div class=\"relpost-block-single-image rpt-lazyload\" aria-hidden=\"true\" role=\"img\" data-bg=\"https:\/\/www.michael-floessel.de\/mfblog\/wp-content\/uploads\/2026\/04\/the-joker-pic-4-michael-floessel.de_.jpg\" style=\"background: transparent no-repeat scroll 0% 0%; width: 1000px; height: 288px; aspect-ratio: 16\/9;\"><\/div><div class=\"relpost-block-single-text\"  style=\"height: 75px;font-family: Arial;  font-size: 12px;  color: rgb(237,201,23);\"><h4 class=\"relpost_card_title\">Mein Senf zum Thema B\u00e4ckereisterben<\/h4><\/div><\/div><\/a><\/div><!-- close relpost-block-container --><div style=\"clear: both\"><\/div><\/div><!-- close filter class --><\/div><!-- close relpost-thumb-wrapper -->","protected":false},"excerpt":{"rendered":"<p>Eigentlich wollte ich mir mit dem vorherigen Artikel ja nur ein paar alte \u00a0Bilder aus Voerde erhalten. Vielleicht mag so sentimentales nostalgisches Zeug ja noch jemand, blogge sie mal, habe ich so gedacht Bisher hat es allerdings nur wenige Artikel &hellip; <a href=\"https:\/\/www.michael-floessel.de\/mfblog\/nostalgische-momente-2-oder-der-rest-voerde-niederrhein-vor-25-jahren\/\">Weiterlesen <span class=\"meta-nav\">&rarr;<\/span><\/a><\/p>\n","protected":false},"author":2,"featured_media":14219,"comment_status":"open","ping_status":"open","sticky":false,"template":"","format":"standard","meta":{"_monsterinsights_skip_tracking":false,"_monsterinsights_sitenote_active":false,"_monsterinsights_sitenote_note":"","_monsterinsights_sitenote_category":0,"footnotes":""},"categories":[9,8,366],"tags":[1874,2910,2912,2913,361,927,1177,2914,830,2911,78],"class_list":["post-14190","post","type-post","status-publish","format-standard","has-post-thumbnail","hentry","category-bilder","category-personliches","category-regionales","tag-1874","tag-2910","tag-80er","tag-90er","tag-bild","tag-bildschirmfoto","tag-jahre","tag-karnevalszug","tag-marktplatz","tag-niederrhein","tag-voerde"],"aioseo_notices":[],"_links":{"self":[{"href":"https:\/\/www.michael-floessel.de\/mfblog\/wp-json\/wp\/v2\/posts\/14190","targetHints":{"allow":["GET"]}}],"collection":[{"href":"https:\/\/www.michael-floessel.de\/mfblog\/wp-json\/wp\/v2\/posts"}],"about":[{"href":"https:\/\/www.michael-floessel.de\/mfblog\/wp-json\/wp\/v2\/types\/post"}],"author":[{"embeddable":true,"href":"https:\/\/www.michael-floessel.de\/mfblog\/wp-json\/wp\/v2\/users\/2"}],"replies":[{"embeddable":true,"href":"https:\/\/www.michael-floessel.de\/mfblog\/wp-json\/wp\/v2\/comments?post=14190"}],"version-history":[{"count":0,"href":"https:\/\/www.michael-floessel.de\/mfblog\/wp-json\/wp\/v2\/posts\/14190\/revisions"}],"wp:featuredmedia":[{"embeddable":true,"href":"https:\/\/www.michael-floessel.de\/mfblog\/wp-json\/wp\/v2\/media\/14219"}],"wp:attachment":[{"href":"https:\/\/www.michael-floessel.de\/mfblog\/wp-json\/wp\/v2\/media?parent=14190"}],"wp:term":[{"taxonomy":"category","embeddable":true,"href":"https:\/\/www.michael-floessel.de\/mfblog\/wp-json\/wp\/v2\/categories?post=14190"},{"taxonomy":"post_tag","embeddable":true,"href":"https:\/\/www.michael-floessel.de\/mfblog\/wp-json\/wp\/v2\/tags?post=14190"}],"curies":[{"name":"wp","href":"https:\/\/api.w.org\/{rel}","templated":true}]}}