{"id":14677,"date":"2016-12-18T09:00:50","date_gmt":"2016-12-18T08:00:50","guid":{"rendered":"http:\/\/www.michael-floessel.de\/mfblog\/?p=14677"},"modified":"2016-12-12T12:44:16","modified_gmt":"2016-12-12T11:44:16","slug":"der-4-advent-2016-weihnachten-steht-vor-der-tuer","status":"publish","type":"post","link":"https:\/\/www.michael-floessel.de\/mfblog\/der-4-advent-2016-weihnachten-steht-vor-der-tuer\/","title":{"rendered":"Der 4. Advent 2016, Weihnachten steht vor der T\u00fcr"},"content":{"rendered":"<p><a href=\"http:\/\/www.michael-floessel.de\/mfblog\/wp-content\/uploads\/2016\/12\/4kerzen.jpg\" target=\"_blank\"><img loading=\"lazy\" decoding=\"async\" class=\"alignleft wp-image-14678 size-medium\" src=\"http:\/\/www.michael-floessel.de\/mfblog\/wp-content\/uploads\/2016\/12\/4kerzen-320x233.jpg\" width=\"320\" height=\"233\" srcset=\"https:\/\/www.michael-floessel.de\/mfblog\/wp-content\/uploads\/2016\/12\/4kerzen-320x233.jpg 320w, https:\/\/www.michael-floessel.de\/mfblog\/wp-content\/uploads\/2016\/12\/4kerzen-150x109.jpg 150w, https:\/\/www.michael-floessel.de\/mfblog\/wp-content\/uploads\/2016\/12\/4kerzen-413x300.jpg 413w, https:\/\/www.michael-floessel.de\/mfblog\/wp-content\/uploads\/2016\/12\/4kerzen.jpg 1000w\" sizes=\"auto, (max-width: 320px) 100vw, 320px\" \/><\/a><\/p>\n<p><em>Kaum hat die Adventszeit begonnen, ist auch schon die vierte Kerze angez\u00fcndet.<\/em><\/p>\n<p><em>Wie immer ein guter Grund f\u00fcr mich, allen die diese Zeilen lesen einen ruhigen, besinnlichen und friedlichen Adventssonntag zu w\u00fcnschen!<\/em><\/p>\n<p>&nbsp;<\/p>\n<p>&nbsp;<\/p>\n<p>&nbsp;<\/p>\n<p>&nbsp;<\/p>\n<p>&nbsp;<\/p>\n<!-- relpost-thumb-wrapper --><div class=\"relpost-thumb-wrapper\"><!-- filter-class --><div class=\"relpost-thumb-container\"><style>.relpost-block-single-image, .relpost-post-image { margin-bottom: 10px; }<\/style><h3>Related posts:<\/h3><div style=\"clear: both\"><\/div><div style=\"clear: both\"><\/div><!-- relpost-block-container --><div class=\"relpost-block-container relpost-block-column-layout\" style=\"--relposth-columns: 4;--relposth-columns_t: 3; --relposth-columns_m: 2\"><a href=\"https:\/\/www.michael-floessel.de\/mfblog\/desasterkreis-de-keine-ansischtssache\/\"class=\"relpost-block-single\" ><div class=\"relpost-custom-block-single\"><div class=\"relpost-block-single-image rpt-lazyload\" aria-hidden=\"true\" role=\"img\" data-bg=\"https:\/\/www.michael-floessel.de\/mfblog\/wp-content\/uploads\/2019\/12\/screen_desasterkreis-1000x288.jpg\" style=\"background: transparent no-repeat scroll 0% 0%; width: 1000px; height: 288px; aspect-ratio: 16\/9;\"><\/div><div class=\"relpost-block-single-text\"  style=\"height: 75px;font-family: Arial;  font-size: 12px;  color: rgb(237,201,23);\"><h4 class=\"relpost_card_title\">Desasterkreis.de - (K)eine Ansischtssache<\/h4><\/div><\/div><\/a><a href=\"https:\/\/www.michael-floessel.de\/mfblog\/was-man-eben-sonst-noch-so-macht\/\"class=\"relpost-block-single\" ><div class=\"relpost-custom-block-single\"><div class=\"relpost-block-single-image rpt-lazyload\" aria-label=\"mf-andere-aufgaben\" role=\"img\" data-bg=\"https:\/\/www.michael-floessel.de\/mfblog\/wp-content\/uploads\/2021\/08\/mf-andere-aufgaben-1000x288.jpg\" style=\"background: transparent no-repeat scroll 0% 0%; width: 1000px; height: 288px; aspect-ratio: 16\/9;\"><\/div><div class=\"relpost-block-single-text\"  style=\"height: 75px;font-family: Arial;  font-size: 12px;  color: rgb(237,201,23);\"><h4 class=\"relpost_card_title\">Was man eben sonst noch so macht ...<\/h4><\/div><\/div><\/a><a href=\"https:\/\/www.michael-floessel.de\/mfblog\/super-sommer-wochenende\/\"class=\"relpost-block-single\" ><div class=\"relpost-custom-block-single\"><div class=\"relpost-block-single-image rpt-lazyload\" aria-hidden=\"true\" role=\"img\" data-bg=\"https:\/\/www.michael-floessel.de\/mfblog\/wp-content\/uploads\/2026\/04\/the-joker-pic-4-michael-floessel.de_.jpg\" style=\"background: transparent no-repeat scroll 0% 0%; width: 1000px; height: 288px; aspect-ratio: 16\/9;\"><\/div><div class=\"relpost-block-single-text\"  style=\"height: 75px;font-family: Arial;  font-size: 12px;  color: rgb(237,201,23);\"><h4 class=\"relpost_card_title\">Super Sommer Wochenende<\/h4><\/div><\/div><\/a><a href=\"https:\/\/www.michael-floessel.de\/mfblog\/rosler-lehnt-sozialtarife-beim-strom-ab-t-online\/\"class=\"relpost-block-single\" ><div class=\"relpost-custom-block-single\"><div class=\"relpost-block-single-image rpt-lazyload\" aria-hidden=\"true\" role=\"img\" data-bg=\"https:\/\/www.michael-floessel.de\/mfblog\/wp-content\/uploads\/2026\/04\/the-joker-pic-4-michael-floessel.de_.jpg\" style=\"background: transparent no-repeat scroll 0% 0%; width: 1000px; height: 288px; aspect-ratio: 16\/9;\"><\/div><div class=\"relpost-block-single-text\"  style=\"height: 75px;font-family: Arial;  font-size: 12px;  color: rgb(237,201,23);\"><h4 class=\"relpost_card_title\">R\u00f6sler lehnt Sozialtarife beim Strom ab - T-Online<\/h4><\/div><\/div><\/a><\/div><!-- close relpost-block-container --><div style=\"clear: both\"><\/div><\/div><!-- close filter class --><\/div><!-- close relpost-thumb-wrapper -->","protected":false},"excerpt":{"rendered":"<p>Kaum hat die Adventszeit begonnen, ist auch schon die vierte Kerze angez\u00fcndet. Wie immer ein guter Grund f\u00fcr mich, allen die diese Zeilen lesen einen ruhigen, besinnlichen und friedlichen Adventssonntag zu w\u00fcnschen! &nbsp; &nbsp; &nbsp; &nbsp; &nbsp; Related posts:SommerlichGr\u00fc\u00dfe zum &hellip; <a href=\"https:\/\/www.michael-floessel.de\/mfblog\/der-4-advent-2016-weihnachten-steht-vor-der-tuer\/\">Weiterlesen <span class=\"meta-nav\">&rarr;<\/span><\/a><\/p>\n","protected":false},"author":2,"featured_media":14679,"comment_status":"open","ping_status":"open","sticky":false,"template":"","format":"standard","meta":{"_monsterinsights_skip_tracking":false,"_monsterinsights_sitenote_active":false,"_monsterinsights_sitenote_note":"","_monsterinsights_sitenote_category":0,"footnotes":""},"categories":[3,8],"tags":[2810,959,795,2958,962,960,799,887,963,2957,798,888],"class_list":["post-14677","post","type-post","status-publish","format-standard","has-post-thumbnail","hentry","category-alltag","category-personliches","tag-2810","tag-959","tag-advent","tag-besinnung","tag-frieden","tag-gute","tag-jahresende","tag-kerze","tag-ruhe","tag-vierter","tag-weihnachten","tag-wunsche"],"aioseo_notices":[],"_links":{"self":[{"href":"https:\/\/www.michael-floessel.de\/mfblog\/wp-json\/wp\/v2\/posts\/14677","targetHints":{"allow":["GET"]}}],"collection":[{"href":"https:\/\/www.michael-floessel.de\/mfblog\/wp-json\/wp\/v2\/posts"}],"about":[{"href":"https:\/\/www.michael-floessel.de\/mfblog\/wp-json\/wp\/v2\/types\/post"}],"author":[{"embeddable":true,"href":"https:\/\/www.michael-floessel.de\/mfblog\/wp-json\/wp\/v2\/users\/2"}],"replies":[{"embeddable":true,"href":"https:\/\/www.michael-floessel.de\/mfblog\/wp-json\/wp\/v2\/comments?post=14677"}],"version-history":[{"count":0,"href":"https:\/\/www.michael-floessel.de\/mfblog\/wp-json\/wp\/v2\/posts\/14677\/revisions"}],"wp:featuredmedia":[{"embeddable":true,"href":"https:\/\/www.michael-floessel.de\/mfblog\/wp-json\/wp\/v2\/media\/14679"}],"wp:attachment":[{"href":"https:\/\/www.michael-floessel.de\/mfblog\/wp-json\/wp\/v2\/media?parent=14677"}],"wp:term":[{"taxonomy":"category","embeddable":true,"href":"https:\/\/www.michael-floessel.de\/mfblog\/wp-json\/wp\/v2\/categories?post=14677"},{"taxonomy":"post_tag","embeddable":true,"href":"https:\/\/www.michael-floessel.de\/mfblog\/wp-json\/wp\/v2\/tags?post=14677"}],"curies":[{"name":"wp","href":"https:\/\/api.w.org\/{rel}","templated":true}]}}