{"id":15081,"date":"2017-05-09T08:37:40","date_gmt":"2017-05-09T06:37:40","guid":{"rendered":"http:\/\/www.michael-floessel.de\/mfblog\/?p=15081"},"modified":"2019-01-04T13:11:14","modified_gmt":"2019-01-04T12:11:14","slug":"och-noe-der-liebe-smartphoneakku","status":"publish","type":"post","link":"https:\/\/www.michael-floessel.de\/mfblog\/och-noe-der-liebe-smartphoneakku\/","title":{"rendered":"Och n\u00f6&#8230; Der liebe Smartphoneakku"},"content":{"rendered":"<p><img loading=\"lazy\" decoding=\"async\" class=\"alignleft wp-image-12351 size-full\" src=\"http:\/\/www.michael-floessel.de\/mfblog\/wp-content\/uploads\/2014\/10\/MFB-X-C1.jpg\" alt=\"\" width=\"300\" height=\"290\" srcset=\"https:\/\/www.michael-floessel.de\/mfblog\/wp-content\/uploads\/2014\/10\/MFB-X-C1.jpg 300w, https:\/\/www.michael-floessel.de\/mfblog\/wp-content\/uploads\/2014\/10\/MFB-X-C1-150x145.jpg 150w\" sizes=\"auto, (max-width: 300px) 100vw, 300px\" \/><strong>Das Problem bei den aktuellen Smartphones mit fest verbautem Akku ist: <\/strong><\/p>\n<p><strong>Richtig! <\/strong><\/p>\n<p><strong>Der fest verbaute Akku <img src=\"https:\/\/www.michael-floessel.de\/mfblog\/wp-content\/plugins\/classic-smilies\/img\/icon_sad.gif\" alt=\":-(\" class=\"wp-smiley\" style=\"height: 1em; max-height: 1em;\" \/> <\/strong><\/p>\n<p>Da entscheide ich mich zum ersten Mal bei der Vertragsverl\u00e4ngerung gegen ein neues Ger\u00e4t, macht ein paar Wochen sp\u00e4ter der Akku schlapp&#8230; Toll.<\/p>\n<p>Klar, mit ein bisschen Zeit und M\u00fche kriege ich auch den beim\u00a0Xperia&#x2122; Z1 Compact ersetzt &#8211; Habe aber im Moment keine Zeit f\u00fcr M\u00fche! So&#8217;n Dreck!!!<\/p>\n<p>Mit st\u00e4ndig abschaltendem Ger\u00e4t geht&#8217;s jedenfalls auch nicht, also muss doch zun\u00e4chst mal Ersatz her&#8230; Musste mich jetzt einfach mal ausheulen: Mimimi <img src=\"https:\/\/www.michael-floessel.de\/mfblog\/wp-content\/plugins\/classic-smilies\/img\/icon_exclaim.gif\" alt=\":!:\" class=\"wp-smiley\" style=\"height: 1em; max-height: 1em;\" \/><\/p>\n<p>&nbsp;<\/p>\n<p>&nbsp;<\/p>\n<p>&nbsp;<\/p>\n<p>&nbsp;<\/p>\n<!-- relpost-thumb-wrapper --><div class=\"relpost-thumb-wrapper\"><!-- filter-class --><div class=\"relpost-thumb-container\"><style>.relpost-block-single-image, .relpost-post-image { margin-bottom: 10px; }<\/style><h3>Related posts:<\/h3><div style=\"clear: both\"><\/div><div style=\"clear: both\"><\/div><!-- relpost-block-container --><div class=\"relpost-block-container relpost-block-column-layout\" style=\"--relposth-columns: 4;--relposth-columns_t: 3; --relposth-columns_m: 2\"><a href=\"https:\/\/www.michael-floessel.de\/mfblog\/wenn-die-erleuchtung-fehlt\/\"class=\"relpost-block-single\" ><div class=\"relpost-custom-block-single\"><div class=\"relpost-block-single-image rpt-lazyload\" aria-label=\"led-lampe-defekt-1-michael-floessel.de\" role=\"img\" data-bg=\"https:\/\/www.michael-floessel.de\/mfblog\/wp-content\/uploads\/2021\/12\/led-lampe-defekt-1-michael-floessel.de_-1000x288.jpg\" style=\"background: transparent no-repeat scroll 0% 0%; width: 1000px; height: 288px; aspect-ratio: 16\/9;\"><\/div><div class=\"relpost-block-single-text\"  style=\"height: 75px;font-family: Arial;  font-size: 12px;  color: rgb(237,201,23);\"><h4 class=\"relpost_card_title\">Wenn die Erleuchtung fehlt ...<\/h4><\/div><\/div><\/a><a href=\"https:\/\/www.michael-floessel.de\/mfblog\/foto-vt-11-5-einfach-nur-so\/\"class=\"relpost-block-single\" ><div class=\"relpost-custom-block-single\"><div class=\"relpost-block-single-image rpt-lazyload\" aria-hidden=\"true\" role=\"img\" data-bg=\"https:\/\/www.michael-floessel.de\/mfblog\/wp-content\/uploads\/2013\/07\/vt11.5-1000x288.jpg\" style=\"background: transparent no-repeat scroll 0% 0%; width: 1000px; height: 288px; aspect-ratio: 16\/9;\"><\/div><div class=\"relpost-block-single-text\"  style=\"height: 75px;font-family: Arial;  font-size: 12px;  color: rgb(237,201,23);\"><h4 class=\"relpost_card_title\">Foto VT 11.5, einfach nur so<\/h4><\/div><\/div><\/a><a href=\"https:\/\/www.michael-floessel.de\/mfblog\/regionales-und-ein-experiment-heidelberg-wieblingen\/\"class=\"relpost-block-single\" ><div class=\"relpost-custom-block-single\"><div class=\"relpost-block-single-image rpt-lazyload\" aria-label=\"Fotos Heidelberg Wieblingen\" role=\"img\" data-bg=\"https:\/\/www.michael-floessel.de\/mfblog\/wp-content\/uploads\/2022\/07\/regionales-fotos-heidelberg-wieblingen-michael-floessel.de_-1000x288.jpg\" style=\"background: transparent no-repeat scroll 0% 0%; width: 1000px; height: 288px; aspect-ratio: 16\/9;\"><\/div><div class=\"relpost-block-single-text\"  style=\"height: 75px;font-family: Arial;  font-size: 12px;  color: rgb(237,201,23);\"><h4 class=\"relpost_card_title\">Regionales (und ein Experiment): Heidelberg-Wieblingen<\/h4><\/div><\/div><\/a><a href=\"https:\/\/www.michael-floessel.de\/mfblog\/hat-da-jemand\/\"class=\"relpost-block-single\" ><div class=\"relpost-custom-block-single\"><div class=\"relpost-block-single-image rpt-lazyload\" aria-hidden=\"true\" role=\"img\" data-bg=\"https:\/\/www.michael-floessel.de\/mfblog\/wp-content\/uploads\/2026\/04\/the-joker-pic-4-michael-floessel.de_.jpg\" style=\"background: transparent no-repeat scroll 0% 0%; width: 1000px; height: 288px; aspect-ratio: 16\/9;\"><\/div><div class=\"relpost-block-single-text\"  style=\"height: 75px;font-family: Arial;  font-size: 12px;  color: rgb(237,201,23);\"><h4 class=\"relpost_card_title\">Hat da jemand...<\/h4><\/div><\/div><\/a><\/div><!-- close relpost-block-container --><div style=\"clear: both\"><\/div><\/div><!-- close filter class --><\/div><!-- close relpost-thumb-wrapper -->","protected":false},"excerpt":{"rendered":"<p>Das Problem bei den aktuellen Smartphones mit fest verbautem Akku ist: Richtig! Der fest verbaute Akku Da entscheide ich mich zum ersten Mal bei der Vertragsverl\u00e4ngerung gegen ein neues Ger\u00e4t, macht ein paar Wochen sp\u00e4ter der Akku schlapp&#8230; Toll. Klar, &hellip; <a href=\"https:\/\/www.michael-floessel.de\/mfblog\/och-noe-der-liebe-smartphoneakku\/\">Weiterlesen <span class=\"meta-nav\">&rarr;<\/span><\/a><\/p>\n","protected":false},"author":2,"featured_media":0,"comment_status":"open","ping_status":"open","sticky":false,"template":"","format":"standard","meta":{"_monsterinsights_skip_tracking":false,"_monsterinsights_sitenote_active":false,"_monsterinsights_sitenote_note":"","_monsterinsights_sitenote_category":0,"footnotes":""},"categories":[719,8],"tags":[1095,615,2510,84,723,2528],"class_list":["post-15081","post","type-post","status-publish","format-standard","hentry","category-mobile-technik","category-personliches","tag-akku","tag-c","tag-compact","tag-defekt","tag-xperia","tag-z1"],"aioseo_notices":[],"_links":{"self":[{"href":"https:\/\/www.michael-floessel.de\/mfblog\/wp-json\/wp\/v2\/posts\/15081","targetHints":{"allow":["GET"]}}],"collection":[{"href":"https:\/\/www.michael-floessel.de\/mfblog\/wp-json\/wp\/v2\/posts"}],"about":[{"href":"https:\/\/www.michael-floessel.de\/mfblog\/wp-json\/wp\/v2\/types\/post"}],"author":[{"embeddable":true,"href":"https:\/\/www.michael-floessel.de\/mfblog\/wp-json\/wp\/v2\/users\/2"}],"replies":[{"embeddable":true,"href":"https:\/\/www.michael-floessel.de\/mfblog\/wp-json\/wp\/v2\/comments?post=15081"}],"version-history":[{"count":1,"href":"https:\/\/www.michael-floessel.de\/mfblog\/wp-json\/wp\/v2\/posts\/15081\/revisions"}],"predecessor-version":[{"id":18750,"href":"https:\/\/www.michael-floessel.de\/mfblog\/wp-json\/wp\/v2\/posts\/15081\/revisions\/18750"}],"wp:attachment":[{"href":"https:\/\/www.michael-floessel.de\/mfblog\/wp-json\/wp\/v2\/media?parent=15081"}],"wp:term":[{"taxonomy":"category","embeddable":true,"href":"https:\/\/www.michael-floessel.de\/mfblog\/wp-json\/wp\/v2\/categories?post=15081"},{"taxonomy":"post_tag","embeddable":true,"href":"https:\/\/www.michael-floessel.de\/mfblog\/wp-json\/wp\/v2\/tags?post=15081"}],"curies":[{"name":"wp","href":"https:\/\/api.w.org\/{rel}","templated":true}]}}