{"id":1591,"date":"2012-08-26T14:54:30","date_gmt":"2012-08-26T12:54:30","guid":{"rendered":"http:\/\/www.michael-floessel.de\/mfblog\/?p=1591"},"modified":"2022-10-30T20:39:38","modified_gmt":"2022-10-30T19:39:38","slug":"doppelkern-led","status":"publish","type":"post","link":"https:\/\/www.michael-floessel.de\/mfblog\/doppelkern-led\/","title":{"rendered":"Doppelkern LED"},"content":{"rendered":"<h1><strong>Dann eben doppelt <img src=\"https:\/\/www.michael-floessel.de\/mfblog\/wp-content\/plugins\/classic-smilies\/img\/icon_wink.gif\" alt=\";-)\" class=\"wp-smiley\" style=\"height: 1em; max-height: 1em;\" \/><\/strong><\/h1>\n<p>Wenn man Scheinwerfer, Leuchtstoffr\u00f6hren, Flutlichter und solche Dinge im Modell simulieren m\u00f6chte, k\u00f6nnen Doppelkern oder Doppelchip LEDs sehr gute Ergebnisse liefern.<\/p>\n<p>Dabei stecken eigentlich nur 2 wei\u00dfe LEDs in einem Geh\u00e4use, lassen sich aber komplett einzeln ansteuern. In meiner <a title=\"Projekt KFZ Werkstatt in 1:87\" href=\"https:\/\/www.michael-floessel.de\/mfblog\/projekt-kfz-werkstatt-in-187\/\" target=\"_blank\" rel=\"noopener ugc\">KFZ Werkstatt<\/a> kommen sie z.B. als Beleuchtung zum Einsatz, welche zwei nebeneinander liegende Leuchtstoffr\u00f6hren simuliert.<\/p>\n<p><a href=\"http:\/\/www.michael-floessel.de\/mfblog\/doppelkern-led\/minolta-digital-camera-112\/\" target=\"_blank\" rel=\"attachment noopener wp-att-1592\"><img loading=\"lazy\" decoding=\"async\" class=\"alignleft wp-image-1592 size-medium\" title=\"Doppelkern LED\" src=\"https:\/\/www.michael-floessel.de\/mfblog\/wp-content\/uploads\/2012\/08\/doppelkern_led_ou-300x225.jpg\" alt=\"Doppelkern LED\" width=\"300\" height=\"225\" srcset=\"https:\/\/www.michael-floessel.de\/mfblog\/wp-content\/uploads\/2012\/08\/doppelkern_led_ou-300x225.jpg 300w, https:\/\/www.michael-floessel.de\/mfblog\/wp-content\/uploads\/2012\/08\/doppelkern_led_ou-400x300.jpg 400w, https:\/\/www.michael-floessel.de\/mfblog\/wp-content\/uploads\/2012\/08\/doppelkern_led_ou.jpg 640w\" sizes=\"auto, (max-width: 300px) 100vw, 300px\" \/><\/a><\/p>\n<p>&nbsp;<\/p>\n<p>Die Anschlusspads sind einzeln heraus gef\u00fchrt.<\/p>\n<p>&nbsp;<\/p>\n<p>&nbsp;<\/p>\n<p>&nbsp;<\/p>\n<p>&nbsp;<\/p>\n<p><!--more--><\/p>\n<p><a href=\"http:\/\/www.michael-floessel.de\/mfblog\/doppelkern-led\/minolta-digital-camera-113\/\" target=\"_blank\" rel=\"attachment noopener wp-att-1593\"><img loading=\"lazy\" decoding=\"async\" class=\"alignleft wp-image-1593 size-medium\" title=\"Doppelkern LED\" src=\"https:\/\/www.michael-floessel.de\/mfblog\/wp-content\/uploads\/2012\/08\/doppelkern_led_links-300x225.jpg\" alt=\"Doppelkern LED\" width=\"300\" height=\"225\" srcset=\"https:\/\/www.michael-floessel.de\/mfblog\/wp-content\/uploads\/2012\/08\/doppelkern_led_links-300x225.jpg 300w, https:\/\/www.michael-floessel.de\/mfblog\/wp-content\/uploads\/2012\/08\/doppelkern_led_links-400x300.jpg 400w, https:\/\/www.michael-floessel.de\/mfblog\/wp-content\/uploads\/2012\/08\/doppelkern_led_links.jpg 640w\" sizes=\"auto, (max-width: 300px) 100vw, 300px\" \/><\/a><\/p>\n<p>&nbsp;<\/p>\n<p>Nur der linke Teil&#8230;<\/p>\n<p>&nbsp;<\/p>\n<p>&nbsp;<\/p>\n<p>&nbsp;<\/p>\n<p>&nbsp;<\/p>\n<p><a href=\"http:\/\/www.michael-floessel.de\/mfblog\/doppelkern-led\/minolta-digital-camera-114\/\" target=\"_blank\" rel=\"attachment noopener wp-att-1594\"><img loading=\"lazy\" decoding=\"async\" class=\"alignleft wp-image-1594 size-medium\" title=\"Doppelkern LED\" src=\"https:\/\/www.michael-floessel.de\/mfblog\/wp-content\/uploads\/2012\/08\/doppelkern_led_rechts-300x225.jpg\" alt=\"Doppelkern LED\" width=\"300\" height=\"225\" srcset=\"https:\/\/www.michael-floessel.de\/mfblog\/wp-content\/uploads\/2012\/08\/doppelkern_led_rechts-300x225.jpg 300w, https:\/\/www.michael-floessel.de\/mfblog\/wp-content\/uploads\/2012\/08\/doppelkern_led_rechts-400x300.jpg 400w, https:\/\/www.michael-floessel.de\/mfblog\/wp-content\/uploads\/2012\/08\/doppelkern_led_rechts.jpg 640w\" sizes=\"auto, (max-width: 300px) 100vw, 300px\" \/><\/a><\/p>\n<p>&nbsp;<\/p>\n<p>&#8230;der rechte&#8230;<\/p>\n<p>&nbsp;<\/p>\n<p>&nbsp;<\/p>\n<p>&nbsp;<\/p>\n<p>&nbsp;<\/p>\n<p><a href=\"http:\/\/www.michael-floessel.de\/mfblog\/doppelkern-led\/minolta-digital-camera-115\/\" target=\"_blank\" rel=\"attachment noopener wp-att-1595\"><img loading=\"lazy\" decoding=\"async\" class=\"alignleft wp-image-1595 size-medium\" title=\"Doppelkern LED\" src=\"https:\/\/www.michael-floessel.de\/mfblog\/wp-content\/uploads\/2012\/08\/doppelkern_led_beide-300x225.jpg\" alt=\"Doppelkern LED\" width=\"300\" height=\"225\" srcset=\"https:\/\/www.michael-floessel.de\/mfblog\/wp-content\/uploads\/2012\/08\/doppelkern_led_beide-300x225.jpg 300w, https:\/\/www.michael-floessel.de\/mfblog\/wp-content\/uploads\/2012\/08\/doppelkern_led_beide-400x300.jpg 400w, https:\/\/www.michael-floessel.de\/mfblog\/wp-content\/uploads\/2012\/08\/doppelkern_led_beide.jpg 640w\" sizes=\"auto, (max-width: 300px) 100vw, 300px\" \/><\/a><\/p>\n<p>&nbsp;<\/p>\n<p>&#8230; beide <img src=\"https:\/\/www.michael-floessel.de\/mfblog\/wp-content\/plugins\/classic-smilies\/img\/icon_biggrin.gif\" alt=\":D\" class=\"wp-smiley\" style=\"height: 1em; max-height: 1em;\" \/><\/p>\n<p>Zum Fotografieren \u00fcbrigens nur mit sehr geringem Strom. Die Dinger waren sonst f\u00fcr die Kamera einfach zu hell.<\/p>\n<p>&nbsp;<\/p>\n<p>&nbsp;<\/p>\n<p><a href=\"http:\/\/www.michael-floessel.de\/mfblog\/doppelkern-led\/minolta-digital-camera-116\/\" target=\"_blank\" rel=\"attachment noopener wp-att-1596\"><img loading=\"lazy\" decoding=\"async\" class=\"alignleft wp-image-1596 size-medium\" title=\"Doppelkern LED\" src=\"http:\/\/www.michael-floessel.de\/mfblog\/wp-content\/uploads\/2012\/08\/doppelkern_led_hell-300x225.jpg\" alt=\"Doppelkern LED\" width=\"300\" height=\"225\" srcset=\"https:\/\/www.michael-floessel.de\/mfblog\/wp-content\/uploads\/2012\/08\/doppelkern_led_hell-300x225.jpg 300w, https:\/\/www.michael-floessel.de\/mfblog\/wp-content\/uploads\/2012\/08\/doppelkern_led_hell-400x300.jpg 400w, https:\/\/www.michael-floessel.de\/mfblog\/wp-content\/uploads\/2012\/08\/doppelkern_led_hell.jpg 640w\" sizes=\"auto, (max-width: 300px) 100vw, 300px\" \/><\/a><\/p>\n<p>&nbsp;<\/p>\n<p>Mal etwas heller, aber auch nur knapp 1 mA.<\/p>\n<p>&nbsp;<\/p>\n<!-- relpost-thumb-wrapper --><div class=\"relpost-thumb-wrapper\"><!-- filter-class --><div class=\"relpost-thumb-container\"><style>.relpost-block-single-image, .relpost-post-image { margin-bottom: 10px; }<\/style><h3>Related posts:<\/h3><div style=\"clear: both\"><\/div><div style=\"clear: both\"><\/div><!-- relpost-block-container --><div class=\"relpost-block-container relpost-block-column-layout\" style=\"--relposth-columns: 4;--relposth-columns_t: 3; --relposth-columns_m: 2\"><a href=\"https:\/\/www.michael-floessel.de\/mfblog\/wir-machen-auf-winterzeit\/\"class=\"relpost-block-single\" ><div class=\"relpost-custom-block-single\"><div class=\"relpost-block-single-image rpt-lazyload\" aria-label=\"Winter(zeit)\" role=\"img\" data-bg=\"https:\/\/www.michael-floessel.de\/mfblog\/wp-content\/uploads\/2024\/10\/winterzeit-michael-floessel.de_-1000x288.jpg\" style=\"background: transparent no-repeat scroll 0% 0%; width: 1000px; height: 288px; aspect-ratio: 16\/9;\"><\/div><div class=\"relpost-block-single-text\"  style=\"height: 75px;font-family: Arial;  font-size: 12px;  color: rgb(237,201,23);\"><h4 class=\"relpost_card_title\">Wir machen auf Winter(zeit)<\/h4><\/div><\/div><\/a><a href=\"https:\/\/www.michael-floessel.de\/mfblog\/telekom-nimmt-eigenen-ebook-shop-vom-netz-heise-online\/\"class=\"relpost-block-single\" ><div class=\"relpost-custom-block-single\"><div class=\"relpost-block-single-image rpt-lazyload\" aria-hidden=\"true\" role=\"img\" data-bg=\"https:\/\/www.michael-floessel.de\/mfblog\/wp-content\/uploads\/2026\/04\/the-joker-pic-4-michael-floessel.de_.jpg\" style=\"background: transparent no-repeat scroll 0% 0%; width: 1000px; height: 288px; aspect-ratio: 16\/9;\"><\/div><div class=\"relpost-block-single-text\"  style=\"height: 75px;font-family: Arial;  font-size: 12px;  color: rgb(237,201,23);\"><h4 class=\"relpost_card_title\">Telekom nimmt eigenen eBook-Shop vom Netz | heise online<\/h4><\/div><\/div><\/a><a href=\"https:\/\/www.michael-floessel.de\/mfblog\/schwankende-helligkeit-des-displays-beim-lenovo-3000n200\/\"class=\"relpost-block-single\" ><div class=\"relpost-custom-block-single\"><div class=\"relpost-block-single-image rpt-lazyload\" aria-hidden=\"true\" role=\"img\" data-bg=\"https:\/\/www.michael-floessel.de\/mfblog\/wp-content\/uploads\/2014\/02\/lenovo_win7_header.jpg\" style=\"background: transparent no-repeat scroll 0% 0%; width: 1000px; height: 288px; aspect-ratio: 16\/9;\"><\/div><div class=\"relpost-block-single-text\"  style=\"height: 75px;font-family: Arial;  font-size: 12px;  color: rgb(237,201,23);\"><h4 class=\"relpost_card_title\">Schwankende Helligkeit des Displays beim Lenovo 3000n200<\/h4><\/div><\/div><\/a><a href=\"https:\/\/www.michael-floessel.de\/mfblog\/smartdeblur-unscharfe-und-verwackelte-fotos-scharfen-mit-mathematischen-tricks-tipps-tricks-kniffe\/\"class=\"relpost-block-single\" ><div class=\"relpost-custom-block-single\"><div class=\"relpost-block-single-image rpt-lazyload\" aria-hidden=\"true\" role=\"img\" data-bg=\"https:\/\/www.michael-floessel.de\/mfblog\/wp-content\/uploads\/2013\/05\/Kaffee_Sample_PIC.jpg\" style=\"background: transparent no-repeat scroll 0% 0%; width: 1000px; height: 288px; aspect-ratio: 16\/9;\"><\/div><div class=\"relpost-block-single-text\"  style=\"height: 75px;font-family: Arial;  font-size: 12px;  color: rgb(237,201,23);\"><h4 class=\"relpost_card_title\">SmartDeblur: Unscharfe und verwackelte Fotos sch\u00e4rfen mit mathematischen Tricks | Tipps, Tricks &amp; Kn...<\/h4><\/div><\/div><\/a><\/div><!-- close relpost-block-container --><div style=\"clear: both\"><\/div><\/div><!-- close filter class --><\/div><!-- close relpost-thumb-wrapper -->","protected":false},"excerpt":{"rendered":"<p>Dann eben doppelt Wenn man Scheinwerfer, Leuchtstoffr\u00f6hren, Flutlichter und solche Dinge im Modell simulieren m\u00f6chte, k\u00f6nnen Doppelkern oder Doppelchip LEDs sehr gute Ergebnisse liefern. Dabei stecken eigentlich nur 2 wei\u00dfe LEDs in einem Geh\u00e4use, lassen sich aber komplett einzeln ansteuern. &hellip; <a href=\"https:\/\/www.michael-floessel.de\/mfblog\/doppelkern-led\/\">Weiterlesen <span class=\"meta-nav\">&rarr;<\/span><\/a><\/p>\n","protected":false},"author":2,"featured_media":1596,"comment_status":"open","ping_status":"open","sticky":false,"template":"","format":"standard","meta":{"_monsterinsights_skip_tracking":false,"_monsterinsights_sitenote_active":false,"_monsterinsights_sitenote_note":"","_monsterinsights_sitenote_category":0,"footnotes":""},"categories":[4,5,19],"tags":[914,255,254,3497,1044,2230,43,89,35,256],"class_list":["post-1591","post","type-post","status-publish","format-standard","has-post-thumbnail","hentry","category-elektronik","category-modellbau","category-tipps-tricks","tag-914","tag-doppelchip","tag-doppelkern","tag-einer","tag-hell","tag-in","tag-led","tag-leuchtdiode","tag-smd","tag-weiss"],"aioseo_notices":[],"_links":{"self":[{"href":"https:\/\/www.michael-floessel.de\/mfblog\/wp-json\/wp\/v2\/posts\/1591","targetHints":{"allow":["GET"]}}],"collection":[{"href":"https:\/\/www.michael-floessel.de\/mfblog\/wp-json\/wp\/v2\/posts"}],"about":[{"href":"https:\/\/www.michael-floessel.de\/mfblog\/wp-json\/wp\/v2\/types\/post"}],"author":[{"embeddable":true,"href":"https:\/\/www.michael-floessel.de\/mfblog\/wp-json\/wp\/v2\/users\/2"}],"replies":[{"embeddable":true,"href":"https:\/\/www.michael-floessel.de\/mfblog\/wp-json\/wp\/v2\/comments?post=1591"}],"version-history":[{"count":0,"href":"https:\/\/www.michael-floessel.de\/mfblog\/wp-json\/wp\/v2\/posts\/1591\/revisions"}],"wp:featuredmedia":[{"embeddable":true,"href":"https:\/\/www.michael-floessel.de\/mfblog\/wp-json\/wp\/v2\/media\/1596"}],"wp:attachment":[{"href":"https:\/\/www.michael-floessel.de\/mfblog\/wp-json\/wp\/v2\/media?parent=1591"}],"wp:term":[{"taxonomy":"category","embeddable":true,"href":"https:\/\/www.michael-floessel.de\/mfblog\/wp-json\/wp\/v2\/categories?post=1591"},{"taxonomy":"post_tag","embeddable":true,"href":"https:\/\/www.michael-floessel.de\/mfblog\/wp-json\/wp\/v2\/tags?post=1591"}],"curies":[{"name":"wp","href":"https:\/\/api.w.org\/{rel}","templated":true}]}}