{"id":15990,"date":"2018-12-23T18:01:42","date_gmt":"2018-12-23T17:01:42","guid":{"rendered":"http:\/\/www.michael-floessel.de\/mfblog\/?p=15990"},"modified":"2019-01-03T18:21:27","modified_gmt":"2019-01-03T17:21:27","slug":"socialdingens-und-adieu-google","status":"publish","type":"post","link":"https:\/\/www.michael-floessel.de\/mfblog\/socialdingens-und-adieu-google\/","title":{"rendered":"Socialdingens und Adieu Google +"},"content":{"rendered":"<p><a href=\"http:\/\/www.michael-floessel.de\/mfblog\/wp-content\/uploads\/2018\/12\/smstate.jpg\" target=\"_blank\" rel=\"noopener\"><img loading=\"lazy\" decoding=\"async\" class=\"alignleft wp-image-15999 size-medium\" src=\"http:\/\/www.michael-floessel.de\/mfblog\/wp-content\/uploads\/2018\/12\/smstate-320x256.jpg\" alt=\"\" width=\"320\" height=\"256\" srcset=\"https:\/\/www.michael-floessel.de\/mfblog\/wp-content\/uploads\/2018\/12\/smstate-320x256.jpg 320w, https:\/\/www.michael-floessel.de\/mfblog\/wp-content\/uploads\/2018\/12\/smstate-150x120.jpg 150w, https:\/\/www.michael-floessel.de\/mfblog\/wp-content\/uploads\/2018\/12\/smstate-375x300.jpg 375w, https:\/\/www.michael-floessel.de\/mfblog\/wp-content\/uploads\/2018\/12\/smstate.jpg 1000w\" sizes=\"auto, (max-width: 320px) 100vw, 320px\" \/><\/a>Der (die) eine oder andere hat sich ja, den Anfragen nach, offenbar gewundert, dass ich ihm (oder ihr) bei einigen Socialmediaplattformen nicht (mehr) folge, bzw. Fotos und Beitr\u00e4ge von mir f\u00fcr die Betreffenden nicht mehr lesbar bzw. auffindbar sind.<\/p>\n<p><em><strong>Die Ursache ist ganz einfach: Ich habe gar keinen Account (mehr)!<\/strong><\/em><\/p>\n<p>Davon abgesehen, dass ich bei einigen Anbietern nie vertreten war, weil mir da u. a. einfach der Sympathiefaktor zu gering ist, habe ich begonnen, auch die Plattformen zu verlassen, welche mir einfach nichts bringen. Auf der &#8222;gro\u00dfen blauen&#8220; werde ich meinen Account vorerst behalten, da sind eben noch viele Kontakte in die alte Heimat vertreten. An der Einzigartigkeit des Services und dem Vertrauen in Facebook jedenfalls, liegt mein Verharren da garantiert nicht&#8230; <img src=\"https:\/\/www.michael-floessel.de\/mfblog\/wp-content\/plugins\/classic-smilies\/img\/icon_exclaim.gif\" alt=\":!:\" class=\"wp-smiley\" style=\"height: 1em; max-height: 1em;\" \/> <img src=\"https:\/\/www.michael-floessel.de\/mfblog\/wp-content\/plugins\/classic-smilies\/img\/icon_wink.gif\" alt=\";-)\" class=\"wp-smiley\" style=\"height: 1em; max-height: 1em;\" \/>\u00a0 Oft bin ich dort ohnehin nicht online, gro\u00dfe Geheimnisse, die man bei einem Datenklau ergaunern k\u00f6nnte, habe ich auch sicherlich nicht bei solchen Seiten hinterlegt.<em> Wer sich wirklich wundert, dass bei den diversen Plattformen die Kundendaten verh\u00f6kert und sonstwie ausgenutzt werden, versucht auch Wasser aus Steinen zu pressen<\/em> <img src=\"https:\/\/www.michael-floessel.de\/mfblog\/wp-content\/plugins\/classic-smilies\/img\/icon_wink.gif\" alt=\";-)\" class=\"wp-smiley\" style=\"height: 1em; max-height: 1em;\" \/><\/p>\n<p>Erhalten bleibt mir wahrscheinlich Twitter, das w\u00fcrde ich noch am ehesten vermissen. Mein Favorit Google Plus verl\u00e4sst bald die digitale Welt, eine wirklich passende Alternative habe ich bislang nicht entdeckt, auch nicht mit M\u00fche gesucht. F\u00fcr mich ist dies alles eher Konsumware, nicht wichtiger Alltagsinhalt.<\/p>\n<p>Nebenbei: Whatsapp ist schon l\u00e4nger nicht mehr mein bevorzugter Messenger, wer mich kontaktieren m\u00f6chte, sollte da eher auf Telegram setzen, jedenfalls wenn&#8217;s schneller gehen soll.<\/p>\n<p>Vieles hat vor allem den Hintergrund, dass ich niemanden brauche, der versucht, mir meine Welt vorzufiltern. Ich bin durchaus in der Lage Fakenews zu erkennen und selber zu entscheiden, ob ich nun irgendwas erotisches sehen m\u00f6chte oder eben nicht. Sollte jemand nahe am Zusammenbruch sein, weil ihm irgendwie ein Pornobildchen untergeschoben wurde, stimmt da auch an anderen Stellen etwas nicht. F\u00fcr Menschen, welche ihre politischen Entscheidungen an Nachrichten auf werbefinanzierten Seiten festmachen, habe ich nichtmal ein Kopfsch\u00fctteln \u00fcbrig. Ich recherchiere immer, ehe ich auf News oder Infos reagiere, egal ob augenscheinlich links, mittig oder rechts angehaucht.<\/p>\n<p>Macht Euch also keine Gedanken, wenn ich Euch nicht mehr folge oder Ihr an bestimmten Stellen nichts mehr von mir findet, das ist nichts pers\u00f6nliches <img src=\"https:\/\/www.michael-floessel.de\/mfblog\/wp-content\/plugins\/classic-smilies\/img\/icon_wink.gif\" alt=\";-)\" class=\"wp-smiley\" style=\"height: 1em; max-height: 1em;\" \/><\/p>\n<p>&nbsp;<\/p>\n<p>&nbsp;<\/p>\n<p>&nbsp;<\/p>\n<p>&nbsp;<\/p>\n<p>&nbsp;<\/p>\n<p>&nbsp;<\/p>\n<!-- relpost-thumb-wrapper --><div class=\"relpost-thumb-wrapper\"><!-- filter-class --><div class=\"relpost-thumb-container\"><style>.relpost-block-single-image, .relpost-post-image { margin-bottom: 10px; }<\/style><h3>Related posts:<\/h3><div style=\"clear: both\"><\/div><div style=\"clear: both\"><\/div><!-- relpost-block-container --><div class=\"relpost-block-container relpost-block-column-layout\" style=\"--relposth-columns: 4;--relposth-columns_t: 3; --relposth-columns_m: 2\"><a href=\"https:\/\/www.michael-floessel.de\/mfblog\/bin-ja-nicht-sooo-der-fussballgucker\/\"class=\"relpost-block-single\" ><div class=\"relpost-custom-block-single\"><div class=\"relpost-block-single-image rpt-lazyload\" aria-hidden=\"true\" role=\"img\" data-bg=\"https:\/\/www.michael-floessel.de\/mfblog\/wp-content\/uploads\/2026\/04\/the-joker-pic-4-michael-floessel.de_.jpg\" style=\"background: transparent no-repeat scroll 0% 0%; width: 1000px; height: 288px; aspect-ratio: 16\/9;\"><\/div><div class=\"relpost-block-single-text\"  style=\"height: 75px;font-family: Arial;  font-size: 12px;  color: rgb(237,201,23);\"><h4 class=\"relpost_card_title\">Bin ja nicht sooo der Fu\u00dfballgucker...<\/h4><\/div><\/div><\/a><a href=\"https:\/\/www.michael-floessel.de\/mfblog\/der-2-advent-2017\/\"class=\"relpost-block-single\" ><div class=\"relpost-custom-block-single\"><div class=\"relpost-block-single-image rpt-lazyload\" aria-hidden=\"true\" role=\"img\" data-bg=\"https:\/\/www.michael-floessel.de\/mfblog\/wp-content\/uploads\/2016\/12\/advent-2bh-2016-1000x288.jpg\" style=\"background: transparent no-repeat scroll 0% 0%; width: 1000px; height: 288px; aspect-ratio: 16\/9;\"><\/div><div class=\"relpost-block-single-text\"  style=\"height: 75px;font-family: Arial;  font-size: 12px;  color: rgb(237,201,23);\"><h4 class=\"relpost_card_title\">Der 2. Advent 2017<\/h4><\/div><\/div><\/a><a href=\"https:\/\/www.michael-floessel.de\/mfblog\/dummheit-die-2\/\"class=\"relpost-block-single\" ><div class=\"relpost-custom-block-single\"><div class=\"relpost-block-single-image rpt-lazyload\" aria-label=\"LCD Display defekt - www.michael-floessel.de\" role=\"img\" data-bg=\"https:\/\/www.michael-floessel.de\/mfblog\/wp-content\/uploads\/2012\/10\/lcd_display_defekt-800x288.jpg\" style=\"background: transparent no-repeat scroll 0% 0%; width: 1000px; height: 288px; aspect-ratio: 16\/9;\"><\/div><div class=\"relpost-block-single-text\"  style=\"height: 75px;font-family: Arial;  font-size: 12px;  color: rgb(237,201,23);\"><h4 class=\"relpost_card_title\">Dummheit die 2.<\/h4><\/div><\/div><\/a><a href=\"https:\/\/www.michael-floessel.de\/mfblog\/bnc-foto\/\"class=\"relpost-block-single\" ><div class=\"relpost-custom-block-single\"><div class=\"relpost-block-single-image rpt-lazyload\" aria-hidden=\"true\" role=\"img\" data-bg=\"https:\/\/www.michael-floessel.de\/mfblog\/wp-content\/uploads\/2014\/03\/BNC-1000x288.jpg\" style=\"background: transparent no-repeat scroll 0% 0%; width: 1000px; height: 288px; aspect-ratio: 16\/9;\"><\/div><div class=\"relpost-block-single-text\"  style=\"height: 75px;font-family: Arial;  font-size: 12px;  color: rgb(237,201,23);\"><h4 class=\"relpost_card_title\">BNC Foto<\/h4><\/div><\/div><\/a><\/div><!-- close relpost-block-container --><div style=\"clear: both\"><\/div><\/div><!-- close filter class --><\/div><!-- close relpost-thumb-wrapper -->","protected":false},"excerpt":{"rendered":"<p>Der (die) eine oder andere hat sich ja, den Anfragen nach, offenbar gewundert, dass ich ihm (oder ihr) bei einigen Socialmediaplattformen nicht (mehr) folge, bzw. Fotos und Beitr\u00e4ge von mir f\u00fcr die Betreffenden nicht mehr lesbar bzw. auffindbar sind. Die &hellip; <a href=\"https:\/\/www.michael-floessel.de\/mfblog\/socialdingens-und-adieu-google\/\">Weiterlesen <span class=\"meta-nav\">&rarr;<\/span><\/a><\/p>\n","protected":false},"author":2,"featured_media":15999,"comment_status":"open","ping_status":"open","sticky":false,"template":"","format":"standard","meta":{"_monsterinsights_skip_tracking":false,"_monsterinsights_sitenote_active":false,"_monsterinsights_sitenote_note":"","_monsterinsights_sitenote_category":0,"footnotes":""},"categories":[8],"tags":[1726,3158,3157,3159,2093,1802,3160],"class_list":["post-15990","post","type-post","status-publish","format-standard","has-post-thumbnail","hentry","category-personliches","tag-account","tag-folgen","tag-follower","tag-like","tag-media","tag-social","tag-verfolgen"],"aioseo_notices":[],"_links":{"self":[{"href":"https:\/\/www.michael-floessel.de\/mfblog\/wp-json\/wp\/v2\/posts\/15990","targetHints":{"allow":["GET"]}}],"collection":[{"href":"https:\/\/www.michael-floessel.de\/mfblog\/wp-json\/wp\/v2\/posts"}],"about":[{"href":"https:\/\/www.michael-floessel.de\/mfblog\/wp-json\/wp\/v2\/types\/post"}],"author":[{"embeddable":true,"href":"https:\/\/www.michael-floessel.de\/mfblog\/wp-json\/wp\/v2\/users\/2"}],"replies":[{"embeddable":true,"href":"https:\/\/www.michael-floessel.de\/mfblog\/wp-json\/wp\/v2\/comments?post=15990"}],"version-history":[{"count":0,"href":"https:\/\/www.michael-floessel.de\/mfblog\/wp-json\/wp\/v2\/posts\/15990\/revisions"}],"wp:featuredmedia":[{"embeddable":true,"href":"https:\/\/www.michael-floessel.de\/mfblog\/wp-json\/wp\/v2\/media\/15999"}],"wp:attachment":[{"href":"https:\/\/www.michael-floessel.de\/mfblog\/wp-json\/wp\/v2\/media?parent=15990"}],"wp:term":[{"taxonomy":"category","embeddable":true,"href":"https:\/\/www.michael-floessel.de\/mfblog\/wp-json\/wp\/v2\/categories?post=15990"},{"taxonomy":"post_tag","embeddable":true,"href":"https:\/\/www.michael-floessel.de\/mfblog\/wp-json\/wp\/v2\/tags?post=15990"}],"curies":[{"name":"wp","href":"https:\/\/api.w.org\/{rel}","templated":true}]}}