{"id":17221,"date":"2020-07-30T08:08:33","date_gmt":"2020-07-30T06:08:33","guid":{"rendered":"https:\/\/www.michael-floessel.de\/mfblog\/?p=17221"},"modified":"2020-07-31T08:16:44","modified_gmt":"2020-07-31T06:16:44","slug":"der-bleiche-heinrich-in-fuerth-im-odenwald","status":"publish","type":"post","link":"https:\/\/www.michael-floessel.de\/mfblog\/der-bleiche-heinrich-in-fuerth-im-odenwald\/","title":{"rendered":"Der bleiche Heinrich in F\u00fcrth im Odenwald"},"content":{"rendered":"<h2><strong><img loading=\"lazy\" decoding=\"async\" class=\"alignright wp-image-12900 size-full\" src=\"https:\/\/www.michael-floessel.de\/mfblog\/wp-content\/uploads\/2015\/04\/linklogo.png\" alt=\"linklogo\" width=\"100\" height=\"100\" \/>Gef\u00e4hrliche Gegend?<\/strong> <img src=\"https:\/\/www.michael-floessel.de\/mfblog\/wp-content\/plugins\/classic-smilies\/img\/icon_wink.gif\" alt=\";-)\" class=\"wp-smiley\" style=\"height: 1em; max-height: 1em;\" \/><\/h2>\n<p>Da k\u00f6nnte man ja echt fragen, in welche Ecke ich hier gezogen bin. Bleiche Gerippe, L\u00f6segeldforderungen und Erpressung, du meine G\u00fcte <img src=\"https:\/\/www.michael-floessel.de\/mfblog\/wp-content\/plugins\/classic-smilies\/img\/icon_mrgreen.gif\" alt=\":mrgreen:\" class=\"wp-smiley\" style=\"height: 1em; max-height: 1em;\" \/><\/p>\n<p>Na, OK, so schlimm ist&#8217;s eigentlich nicht. Allerdings ist der neue &#8218;Geist&#8216; unserer Gemeinde F\u00fcrth hier im Odenwald doch wohl verschwunden:<\/p>\n<p><strong><a title=\"Der bleiche Heinrich\" href=\"https:\/\/www.ffh.de\/nachrichten\/hessen\/suedhessen\/toController\/Topic\/toAction\/show\/toId\/246590\/toTopic\/fuerth-raetselt-wo-ist-das-skelett-heinrich.html\" target=\"_blank\" rel=\"noopener noreferrer\">Mehr bei Hit-Radio FFH!<\/a>, <\/strong>oder auch <strong><a title=\"\" href=\"https:\/\/www.rtl-hessen.de\/beitrag\/fuerth-odenwald-skelett-bleicher-heinrich-entfuerht-loesegeld\" target=\"_blank\" rel=\"noopener noreferrer\">als Video bei RTL:<\/a><\/strong><\/p>\n<p><iframe loading=\"lazy\" src=\"https:\/\/www.rtl-hessen.de\/embed\/26035\" width=\"560\" height=\"315\" frameborder=\"0\" allowfullscreen=\"allowfullscreen\"><br \/>\n&nbsp;<\/p>\n<p><\/iframe><\/p>\n<h4><strong>Nachtrag:<\/strong><\/h4>\n<p>Wie<a title=\"Der bleiche Heinrich\" href=\"https:\/\/www.ffh.de\/nachrichten\/hessen\/suedhessen\/toController\/Topic\/toAction\/show\/toId\/246590\/toTopic\/fuerth-entfuehrtes-skelett-heinrich-wieder-da.html\" target=\"_blank\" rel=\"noopener noreferrer\"> Hit Radio FFH berichtet<\/a>, ist der bleiche Heinrich wieder da! <img src=\"https:\/\/www.michael-floessel.de\/mfblog\/wp-content\/plugins\/classic-smilies\/img\/icon_wink.gif\" alt=\";-)\" class=\"wp-smiley\" style=\"height: 1em; max-height: 1em;\" \/><\/p>\n<p>&nbsp;<\/p>\n<p>&nbsp;<\/p>\n<p>&nbsp;<\/p>\n<p>&nbsp;<\/p>\n<!-- relpost-thumb-wrapper --><div class=\"relpost-thumb-wrapper\"><!-- filter-class --><div class=\"relpost-thumb-container\"><style>.relpost-block-single-image, .relpost-post-image { margin-bottom: 10px; }<\/style><h3>Related posts:<\/h3><div style=\"clear: both\"><\/div><div style=\"clear: both\"><\/div><!-- relpost-block-container --><div class=\"relpost-block-container relpost-block-column-layout\" style=\"--relposth-columns: 4;--relposth-columns_t: 3; --relposth-columns_m: 2\"><a href=\"https:\/\/www.michael-floessel.de\/mfblog\/duisburg-nala-das-kanguru-der-weise-star-im-zoo\/\"class=\"relpost-block-single\" ><div class=\"relpost-custom-block-single\"><div class=\"relpost-block-single-image rpt-lazyload\" aria-hidden=\"true\" role=\"img\" data-bg=\"https:\/\/www.michael-floessel.de\/mfblog\/wp-content\/uploads\/2026\/04\/the-joker-pic-4-michael-floessel.de_.jpg\" style=\"background: transparent no-repeat scroll 0% 0%; width: 1000px; height: 288px; aspect-ratio: 16\/9;\"><\/div><div class=\"relpost-block-single-text\"  style=\"height: 75px;font-family: Arial;  font-size: 12px;  color: rgb(237,201,23);\"><h4 class=\"relpost_card_title\">Duisburg: Nala das K\u00e4nguru - der wei\u00dfe Star im Zoo<\/h4><\/div><\/div><\/a><a href=\"https:\/\/www.michael-floessel.de\/mfblog\/job-wagen-in-der-zeche\/\"class=\"relpost-block-single\" ><div class=\"relpost-custom-block-single\"><div class=\"relpost-block-single-image rpt-lazyload\" aria-label=\"G\u00fcterwagen 1:87 Zeche Zollverein - Modellbahnwelt Odenwald\" role=\"img\" data-bg=\"https:\/\/www.michael-floessel.de\/mfblog\/wp-content\/uploads\/2014\/07\/MWO-Zeche-Wagen-1000x288.jpg\" style=\"background: transparent no-repeat scroll 0% 0%; width: 1000px; height: 288px; aspect-ratio: 16\/9;\"><\/div><div class=\"relpost-block-single-text\"  style=\"height: 75px;font-family: Arial;  font-size: 12px;  color: rgb(237,201,23);\"><h4 class=\"relpost_card_title\">@Job - Wagen in der Zeche<\/h4><\/div><\/div><\/a><a href=\"https:\/\/www.michael-floessel.de\/mfblog\/bad-wurzbach-i-videoclip-der-ersten-probefahrten-blog-der-modellbahnwelt-odenwald\/\"class=\"relpost-block-single\" ><div class=\"relpost-custom-block-single\"><div class=\"relpost-block-single-image rpt-lazyload\" aria-label=\"404-oder-muell-weg-ist-weg\" role=\"img\" data-bg=\"https:\/\/www.michael-floessel.de\/mfblog\/wp-content\/uploads\/2016\/03\/404-oder-muell-weg-ist-weg-1000x288.jpg\" style=\"background: transparent no-repeat scroll 0% 0%; width: 1000px; height: 288px; aspect-ratio: 16\/9;\"><\/div><div class=\"relpost-block-single-text\"  style=\"height: 75px;font-family: Arial;  font-size: 12px;  color: rgb(237,201,23);\"><h4 class=\"relpost_card_title\">Bad Wurzbach I \u2013 Videoclip der ersten Probefahrten | Blog der Modellbahnwelt Odenwald<\/h4><\/div><\/div><\/a><a href=\"https:\/\/www.michael-floessel.de\/mfblog\/troedel-und-elektronisches\/\"class=\"relpost-block-single\" ><div class=\"relpost-custom-block-single\"><div class=\"relpost-block-single-image rpt-lazyload\" aria-label=\"Gigaset A 415\" role=\"img\" data-bg=\"https:\/\/www.michael-floessel.de\/mfblog\/wp-content\/uploads\/2020\/01\/dect_gigaset_a415-1000x288.jpg\" style=\"background: transparent no-repeat scroll 0% 0%; width: 1000px; height: 288px; aspect-ratio: 16\/9;\"><\/div><div class=\"relpost-block-single-text\"  style=\"height: 75px;font-family: Arial;  font-size: 12px;  color: rgb(237,201,23);\"><h4 class=\"relpost_card_title\">Tr\u00f6del und Elektronisches<\/h4><\/div><\/div><\/a><\/div><!-- close relpost-block-container --><div style=\"clear: both\"><\/div><\/div><!-- close filter class --><\/div><!-- close relpost-thumb-wrapper -->","protected":false},"excerpt":{"rendered":"<p>Gef\u00e4hrliche Gegend? Da k\u00f6nnte man ja echt fragen, in welche Ecke ich hier gezogen bin. Bleiche Gerippe, L\u00f6segeldforderungen und Erpressung, du meine G\u00fcte Na, OK, so schlimm ist&#8217;s eigentlich nicht. Allerdings ist der neue &#8218;Geist&#8216; unserer Gemeinde F\u00fcrth hier im &hellip; <a href=\"https:\/\/www.michael-floessel.de\/mfblog\/der-bleiche-heinrich-in-fuerth-im-odenwald\/\">Weiterlesen <span class=\"meta-nav\">&rarr;<\/span><\/a><\/p>\n","protected":false},"author":2,"featured_media":12900,"comment_status":"open","ping_status":"open","sticky":false,"template":"","format":"standard","meta":{"_monsterinsights_skip_tracking":false,"_monsterinsights_sitenote_active":false,"_monsterinsights_sitenote_note":"","_monsterinsights_sitenote_category":0,"footnotes":""},"categories":[366],"tags":[1287,3347,1288,3346,886],"class_list":["post-17221","post","type-post","status-publish","format-standard","has-post-thumbnail","hentry","category-regionales","tag-furth","tag-heinrich","tag-odenwald","tag-skelett","tag-verschwunden"],"aioseo_notices":[],"_links":{"self":[{"href":"https:\/\/www.michael-floessel.de\/mfblog\/wp-json\/wp\/v2\/posts\/17221","targetHints":{"allow":["GET"]}}],"collection":[{"href":"https:\/\/www.michael-floessel.de\/mfblog\/wp-json\/wp\/v2\/posts"}],"about":[{"href":"https:\/\/www.michael-floessel.de\/mfblog\/wp-json\/wp\/v2\/types\/post"}],"author":[{"embeddable":true,"href":"https:\/\/www.michael-floessel.de\/mfblog\/wp-json\/wp\/v2\/users\/2"}],"replies":[{"embeddable":true,"href":"https:\/\/www.michael-floessel.de\/mfblog\/wp-json\/wp\/v2\/comments?post=17221"}],"version-history":[{"count":0,"href":"https:\/\/www.michael-floessel.de\/mfblog\/wp-json\/wp\/v2\/posts\/17221\/revisions"}],"wp:featuredmedia":[{"embeddable":true,"href":"https:\/\/www.michael-floessel.de\/mfblog\/wp-json\/wp\/v2\/media\/12900"}],"wp:attachment":[{"href":"https:\/\/www.michael-floessel.de\/mfblog\/wp-json\/wp\/v2\/media?parent=17221"}],"wp:term":[{"taxonomy":"category","embeddable":true,"href":"https:\/\/www.michael-floessel.de\/mfblog\/wp-json\/wp\/v2\/categories?post=17221"},{"taxonomy":"post_tag","embeddable":true,"href":"https:\/\/www.michael-floessel.de\/mfblog\/wp-json\/wp\/v2\/tags?post=17221"}],"curies":[{"name":"wp","href":"https:\/\/api.w.org\/{rel}","templated":true}]}}