{"id":17253,"date":"2020-09-03T16:48:16","date_gmt":"2020-09-03T14:48:16","guid":{"rendered":"https:\/\/www.michael-floessel.de\/mfblog\/?p=17253"},"modified":"2020-09-03T16:48:16","modified_gmt":"2020-09-03T14:48:16","slug":"ich-suche-eine-taste-fuer-den-pavilion-17f-258ng","status":"publish","type":"post","link":"https:\/\/www.michael-floessel.de\/mfblog\/ich-suche-eine-taste-fuer-den-pavilion-17f-258ng\/","title":{"rendered":"Ich suche eine Taste f\u00fcr den Pavilion 17F-258ng"},"content":{"rendered":"<h2><strong><a href=\"https:\/\/www.michael-floessel.de\/mfblog\/wp-content\/uploads\/2020\/09\/taste_17f-258ng-1.jpg\" target=\"_blank\" rel=\"noopener noreferrer\"><img loading=\"lazy\" decoding=\"async\" class=\"alignright wp-image-17255 size-medium\" src=\"https:\/\/www.michael-floessel.de\/mfblog\/wp-content\/uploads\/2020\/09\/taste_17f-258ng-1-320x306.jpg\" alt=\"Defekte Taste\" width=\"320\" height=\"306\" srcset=\"https:\/\/www.michael-floessel.de\/mfblog\/wp-content\/uploads\/2020\/09\/taste_17f-258ng-1-320x306.jpg 320w, https:\/\/www.michael-floessel.de\/mfblog\/wp-content\/uploads\/2020\/09\/taste_17f-258ng-1-150x143.jpg 150w, https:\/\/www.michael-floessel.de\/mfblog\/wp-content\/uploads\/2020\/09\/taste_17f-258ng-1-314x300.jpg 314w, https:\/\/www.michael-floessel.de\/mfblog\/wp-content\/uploads\/2020\/09\/taste_17f-258ng-1.jpg 1000w\" sizes=\"auto, (max-width: 320px) 100vw, 320px\" \/><\/a>Windows Taste gesucht<\/strong><\/h2>\n<p>Hat zuf\u00e4llig jemand noch eine passende Taste f\u00fcr meinen 17F-258 herumliegen? Leider habe ich es geschafft, gleich 3 Sch\u00e4den parallel anzurichten. Wer wissen m\u00f6chte wie man so etwas bewerkstelligt, findet <a title=\"Die Killerklatsche\" href=\"https:\/\/desasterkreis.de\/die-killerklatsche\/\" target=\"_blank\" rel=\"noopener noreferrer\">beim Desasterkreis die kurze Story<\/a>.<\/p>\n<p>Ich wei\u00df nat\u00fcrlich, dass man durchaus auch einzelne Tasten k\u00e4uflich erwerben kann, bei den \u00fcblichen Dealern finde ich aber keine Exemplare, die meiner Mechanik auch nur im Ansatz \u00e4hnlich sind oder wo aus den Beschreibungen hervorgeht, was da alles mitgeliefert wird.<\/p>\n<p><a href=\"https:\/\/www.michael-floessel.de\/mfblog\/wp-content\/uploads\/2020\/09\/taste_17f-258ng-2.jpg\" target=\"_blank\" rel=\"noopener noreferrer\"><img loading=\"lazy\" decoding=\"async\" class=\"alignright wp-image-17256 size-medium\" src=\"https:\/\/www.michael-floessel.de\/mfblog\/wp-content\/uploads\/2020\/09\/taste_17f-258ng-2-320x275.jpg\" alt=\"Defekte Taste 2\" width=\"320\" height=\"275\" srcset=\"https:\/\/www.michael-floessel.de\/mfblog\/wp-content\/uploads\/2020\/09\/taste_17f-258ng-2-320x275.jpg 320w, https:\/\/www.michael-floessel.de\/mfblog\/wp-content\/uploads\/2020\/09\/taste_17f-258ng-2-150x129.jpg 150w, https:\/\/www.michael-floessel.de\/mfblog\/wp-content\/uploads\/2020\/09\/taste_17f-258ng-2-350x300.jpg 350w, https:\/\/www.michael-floessel.de\/mfblog\/wp-content\/uploads\/2020\/09\/taste_17f-258ng-2.jpg 1000w\" sizes=\"auto, (max-width: 320px) 100vw, 320px\" \/><\/a>Bei einem Anbieter scheint der Rahmen nicht zur Taste zu geh\u00f6ren, ein weiterer behauptet, so ein Teil gibt es nicht, nun ja&#8230;<\/p>\n<p>&nbsp;<\/p>\n<p>&nbsp;<\/p>\n<p>&nbsp;<\/p>\n<p>&nbsp;<\/p>\n<p>&nbsp;<\/p>\n<!-- relpost-thumb-wrapper --><div class=\"relpost-thumb-wrapper\"><!-- filter-class --><div class=\"relpost-thumb-container\"><style>.relpost-block-single-image, .relpost-post-image { margin-bottom: 10px; }<\/style><h3>Related posts:<\/h3><div style=\"clear: both\"><\/div><div style=\"clear: both\"><\/div><!-- relpost-block-container --><div class=\"relpost-block-container relpost-block-column-layout\" style=\"--relposth-columns: 4;--relposth-columns_t: 3; --relposth-columns_m: 2\"><a href=\"https:\/\/www.michael-floessel.de\/mfblog\/screenshot-xperia-arc-s-android-4-0-4\/\"class=\"relpost-block-single\" ><div class=\"relpost-custom-block-single\"><div class=\"relpost-block-single-image rpt-lazyload\" aria-label=\"Screenshot Xperia Arc S\" role=\"img\" data-bg=\"https:\/\/www.michael-floessel.de\/mfblog\/wp-content\/uploads\/2012\/12\/arc_s_screenshot-300x288.jpg\" style=\"background: transparent no-repeat scroll 0% 0%; width: 1000px; height: 288px; aspect-ratio: 16\/9;\"><\/div><div class=\"relpost-block-single-text\"  style=\"height: 75px;font-family: Arial;  font-size: 12px;  color: rgb(237,201,23);\"><h4 class=\"relpost_card_title\">Screenshot Xperia Arc S Android 4.0.4<\/h4><\/div><\/div><\/a><a href=\"https:\/\/www.michael-floessel.de\/mfblog\/speedport-w724-die-ii\/\"class=\"relpost-block-single\" ><div class=\"relpost-custom-block-single\"><div class=\"relpost-block-single-image rpt-lazyload\" aria-hidden=\"true\" role=\"img\" data-bg=\"https:\/\/www.michael-floessel.de\/mfblog\/wp-content\/uploads\/2014\/02\/Speedport_W_724V.jpg\" style=\"background: transparent no-repeat scroll 0% 0%; width: 1000px; height: 288px; aspect-ratio: 16\/9;\"><\/div><div class=\"relpost-block-single-text\"  style=\"height: 75px;font-family: Arial;  font-size: 12px;  color: rgb(237,201,23);\"><h4 class=\"relpost_card_title\">Speedport W724 die II.<\/h4><\/div><\/div><\/a><a href=\"https:\/\/www.michael-floessel.de\/mfblog\/android-update-xperiatablet-z-4-4-2-leider-wurde-der-prozess-android-process-media-beendet\/\"class=\"relpost-block-single\" ><div class=\"relpost-custom-block-single\"><div class=\"relpost-block-single-image rpt-lazyload\" aria-hidden=\"true\" role=\"img\" data-bg=\"https:\/\/www.michael-floessel.de\/mfblog\/wp-content\/uploads\/2014\/06\/Tablet_Z_Update_h.jpg\" style=\"background: transparent no-repeat scroll 0% 0%; width: 1000px; height: 288px; aspect-ratio: 16\/9;\"><\/div><div class=\"relpost-block-single-text\"  style=\"height: 75px;font-family: Arial;  font-size: 12px;  color: rgb(237,201,23);\"><h4 class=\"relpost_card_title\">Android Update Xperia\u2122Tablet Z \u2013 4.4.2 - Leider wurde der Prozess android.process.media beendet<\/h4><\/div><\/div><\/a><a href=\"https:\/\/www.michael-floessel.de\/mfblog\/mails-der-letzten-2-wochen\/\"class=\"relpost-block-single\" ><div class=\"relpost-custom-block-single\"><div class=\"relpost-block-single-image rpt-lazyload\" aria-label=\"Mail, Kontakt, Nachricht - Symbolfoto\" role=\"img\" data-bg=\"https:\/\/www.michael-floessel.de\/mfblog\/wp-content\/uploads\/2012\/08\/symbol_mail_kontakt_nachricht.jpg\" style=\"background: transparent no-repeat scroll 0% 0%; width: 1000px; height: 288px; aspect-ratio: 16\/9;\"><\/div><div class=\"relpost-block-single-text\"  style=\"height: 75px;font-family: Arial;  font-size: 12px;  color: rgb(237,201,23);\"><h4 class=\"relpost_card_title\">Mails der letzten 2 Wochen<\/h4><\/div><\/div><\/a><\/div><!-- close relpost-block-container --><div style=\"clear: both\"><\/div><\/div><!-- close filter class --><\/div><!-- close relpost-thumb-wrapper -->","protected":false},"excerpt":{"rendered":"<p>Windows Taste gesucht Hat zuf\u00e4llig jemand noch eine passende Taste f\u00fcr meinen 17F-258 herumliegen? Leider habe ich es geschafft, gleich 3 Sch\u00e4den parallel anzurichten. Wer wissen m\u00f6chte wie man so etwas bewerkstelligt, findet beim Desasterkreis die kurze Story. Ich wei\u00df &hellip; <a href=\"https:\/\/www.michael-floessel.de\/mfblog\/ich-suche-eine-taste-fuer-den-pavilion-17f-258ng\/\">Weiterlesen <span class=\"meta-nav\">&rarr;<\/span><\/a><\/p>\n","protected":false},"author":2,"featured_media":17255,"comment_status":"open","ping_status":"open","sticky":false,"template":"","format":"standard","meta":{"_monsterinsights_skip_tracking":false,"_monsterinsights_sitenote_active":false,"_monsterinsights_sitenote_note":"","_monsterinsights_sitenote_category":0,"footnotes":""},"categories":[2683,719,8],"tags":[3356,3357,84,2619,3358],"class_list":["post-17253","post","type-post","status-publish","format-standard","has-post-thumbnail","hentry","category-17f-258","category-mobile-technik","category-personliches","tag-17f","tag-258ng","tag-defekt","tag-pavilion","tag-taste"],"aioseo_notices":[],"_links":{"self":[{"href":"https:\/\/www.michael-floessel.de\/mfblog\/wp-json\/wp\/v2\/posts\/17253","targetHints":{"allow":["GET"]}}],"collection":[{"href":"https:\/\/www.michael-floessel.de\/mfblog\/wp-json\/wp\/v2\/posts"}],"about":[{"href":"https:\/\/www.michael-floessel.de\/mfblog\/wp-json\/wp\/v2\/types\/post"}],"author":[{"embeddable":true,"href":"https:\/\/www.michael-floessel.de\/mfblog\/wp-json\/wp\/v2\/users\/2"}],"replies":[{"embeddable":true,"href":"https:\/\/www.michael-floessel.de\/mfblog\/wp-json\/wp\/v2\/comments?post=17253"}],"version-history":[{"count":0,"href":"https:\/\/www.michael-floessel.de\/mfblog\/wp-json\/wp\/v2\/posts\/17253\/revisions"}],"wp:featuredmedia":[{"embeddable":true,"href":"https:\/\/www.michael-floessel.de\/mfblog\/wp-json\/wp\/v2\/media\/17255"}],"wp:attachment":[{"href":"https:\/\/www.michael-floessel.de\/mfblog\/wp-json\/wp\/v2\/media?parent=17253"}],"wp:term":[{"taxonomy":"category","embeddable":true,"href":"https:\/\/www.michael-floessel.de\/mfblog\/wp-json\/wp\/v2\/categories?post=17253"},{"taxonomy":"post_tag","embeddable":true,"href":"https:\/\/www.michael-floessel.de\/mfblog\/wp-json\/wp\/v2\/tags?post=17253"}],"curies":[{"name":"wp","href":"https:\/\/api.w.org\/{rel}","templated":true}]}}