{"id":18310,"date":"2022-12-04T08:05:31","date_gmt":"2022-12-04T07:05:31","guid":{"rendered":"https:\/\/www.michael-floessel.de\/mfblog\/?p=18310"},"modified":"2022-12-04T08:05:31","modified_gmt":"2022-12-04T07:05:31","slug":"der-2-advent-2022","status":"publish","type":"post","link":"https:\/\/www.michael-floessel.de\/mfblog\/der-2-advent-2022\/","title":{"rendered":"Der 2. Advent 2022"},"content":{"rendered":"<h1><strong><a href=\"https:\/\/www.michael-floessel.de\/mfblog\/wp-content\/uploads\/2020\/12\/2.advent-2020-michael-floessel.de_.jpg\" target=\"_blank\" rel=\"noopener\"><img loading=\"lazy\" decoding=\"async\" class=\"alignright wp-image-17388 size-medium\" title=\"www.michael-floessel.de Der 2. Advent \" src=\"https:\/\/www.michael-floessel.de\/mfblog\/wp-content\/uploads\/2020\/12\/2.advent-2020-michael-floessel.de_-320x240.jpg\" alt=\"www.michael-floessel.de Der 2. Advent\" width=\"320\" height=\"240\" srcset=\"https:\/\/www.michael-floessel.de\/mfblog\/wp-content\/uploads\/2020\/12\/2.advent-2020-michael-floessel.de_-320x240.jpg 320w, https:\/\/www.michael-floessel.de\/mfblog\/wp-content\/uploads\/2020\/12\/2.advent-2020-michael-floessel.de_-150x113.jpg 150w, https:\/\/www.michael-floessel.de\/mfblog\/wp-content\/uploads\/2020\/12\/2.advent-2020-michael-floessel.de_-400x300.jpg 400w, https:\/\/www.michael-floessel.de\/mfblog\/wp-content\/uploads\/2020\/12\/2.advent-2020-michael-floessel.de_.jpg 1000w\" sizes=\"auto, (max-width: 320px) 100vw, 320px\" \/><\/a>Der zweite Advent 2022<\/strong><\/h1>\n<p>Ich wei\u00df ja, dass ich im Augenblick hier nicht besonders viel schreibe, aber einen friedlichen 2. Advent zu w\u00fcnschen, das kann ich mir jetzt nat\u00fcrlich nicht nehmen lassen <img src=\"https:\/\/www.michael-floessel.de\/mfblog\/wp-content\/plugins\/classic-smilies\/img\/icon_smile.gif\" alt=\":-)\" class=\"wp-smiley\" style=\"height: 1em; max-height: 1em;\" \/><\/p>\n<p>Da ich im Augenblick allerdings mal wieder in meinen Gefilden der Jugend, sprich <a title=\"in Voerde\" href=\"https:\/\/www.voerde.de\/\" target=\"_blank\" rel=\"noopener\">in Voerde<\/a>, verweile, kommt in den n\u00e4chsten Tagen mal wieder etwas in der Rubrik &#8222;Regionales&#8220; <img src=\"https:\/\/www.michael-floessel.de\/mfblog\/wp-content\/plugins\/classic-smilies\/img\/icon_smile.gif\" alt=\":-)\" class=\"wp-smiley\" style=\"height: 1em; max-height: 1em;\" \/><\/p>\n<p>&nbsp;<\/p>\n<p>&nbsp;<\/p>\n<!-- relpost-thumb-wrapper --><div class=\"relpost-thumb-wrapper\"><!-- filter-class --><div class=\"relpost-thumb-container\"><style>.relpost-block-single-image, .relpost-post-image { margin-bottom: 10px; }<\/style><h3>Related posts:<\/h3><div style=\"clear: both\"><\/div><div style=\"clear: both\"><\/div><!-- relpost-block-container --><div class=\"relpost-block-container relpost-block-column-layout\" style=\"--relposth-columns: 4;--relposth-columns_t: 3; --relposth-columns_m: 2\"><a href=\"https:\/\/www.michael-floessel.de\/mfblog\/ibm-schliest-lotus-smartsuite-lotus-organizer-und-lotus-123-zdnet-de\/\"class=\"relpost-block-single\" ><div class=\"relpost-custom-block-single\"><div class=\"relpost-block-single-image rpt-lazyload\" aria-hidden=\"true\" role=\"img\" data-bg=\"https:\/\/www.michael-floessel.de\/mfblog\/wp-content\/uploads\/2026\/04\/the-joker-pic-4-michael-floessel.de_.jpg\" style=\"background: transparent no-repeat scroll 0% 0%; width: 1000px; height: 288px; aspect-ratio: 16\/9;\"><\/div><div class=\"relpost-block-single-text\"  style=\"height: 75px;font-family: Arial;  font-size: 12px;  color: rgb(237,201,23);\"><h4 class=\"relpost_card_title\">IBM schlie\u00dft Lotus SmartSuite, Lotus Organizer und Lotus 123 | ZDNet.de<\/h4><\/div><\/div><\/a><a href=\"https:\/\/www.michael-floessel.de\/mfblog\/neuer-algorithmus-forscher-beschleunigen-laden-von-batterien-netzwelt\/\"class=\"relpost-block-single\" ><div class=\"relpost-custom-block-single\"><div class=\"relpost-block-single-image rpt-lazyload\" aria-hidden=\"true\" role=\"img\" data-bg=\"https:\/\/www.michael-floessel.de\/mfblog\/wp-content\/uploads\/2026\/04\/the-joker-pic-4-michael-floessel.de_.jpg\" style=\"background: transparent no-repeat scroll 0% 0%; width: 1000px; height: 288px; aspect-ratio: 16\/9;\"><\/div><div class=\"relpost-block-single-text\"  style=\"height: 75px;font-family: Arial;  font-size: 12px;  color: rgb(237,201,23);\"><h4 class=\"relpost_card_title\">Neuer Algorithmus: Forscher beschleunigen Laden von Batterien - NETZWELT<\/h4><\/div><\/div><\/a><a href=\"https:\/\/www.michael-floessel.de\/mfblog\/fahr-mal-schiff\/\"class=\"relpost-block-single\" ><div class=\"relpost-custom-block-single\"><div class=\"relpost-block-single-image rpt-lazyload\" aria-hidden=\"true\" role=\"img\" data-bg=\"https:\/\/www.michael-floessel.de\/mfblog\/wp-content\/uploads\/2016\/07\/Heidelberg-23.07.2016-108-1000x288.jpg\" style=\"background: transparent no-repeat scroll 0% 0%; width: 1000px; height: 288px; aspect-ratio: 16\/9;\"><\/div><div class=\"relpost-block-single-text\"  style=\"height: 75px;font-family: Arial;  font-size: 12px;  color: rgb(237,201,23);\"><h4 class=\"relpost_card_title\">Fahr mal Schiff!<\/h4><\/div><\/div><\/a><a href=\"https:\/\/www.michael-floessel.de\/mfblog\/samsung-saftige-teuerung-fur-apple-chips-business-news-chip-online\/\"class=\"relpost-block-single\" ><div class=\"relpost-custom-block-single\"><div class=\"relpost-block-single-image rpt-lazyload\" aria-hidden=\"true\" role=\"img\" data-bg=\"https:\/\/www.michael-floessel.de\/mfblog\/wp-content\/uploads\/2026\/04\/the-joker-pic-4-michael-floessel.de_.jpg\" style=\"background: transparent no-repeat scroll 0% 0%; width: 1000px; height: 288px; aspect-ratio: 16\/9;\"><\/div><div class=\"relpost-block-single-text\"  style=\"height: 75px;font-family: Arial;  font-size: 12px;  color: rgb(237,201,23);\"><h4 class=\"relpost_card_title\">Samsung: Saftige Teuerung f\u00fcr Apple-Chips - Business News - CHIP Online<\/h4><\/div><\/div><\/a><\/div><!-- close relpost-block-container --><div style=\"clear: both\"><\/div><\/div><!-- close filter class --><\/div><!-- close relpost-thumb-wrapper -->","protected":false},"excerpt":{"rendered":"<p>Der zweite Advent 2022 Ich wei\u00df ja, dass ich im Augenblick hier nicht besonders viel schreibe, aber einen friedlichen 2. Advent zu w\u00fcnschen, das kann ich mir jetzt nat\u00fcrlich nicht nehmen lassen Da ich im Augenblick allerdings mal wieder in &hellip; <a href=\"https:\/\/www.michael-floessel.de\/mfblog\/der-2-advent-2022\/\">Weiterlesen <span class=\"meta-nav\">&rarr;<\/span><\/a><\/p>\n","protected":false},"author":2,"featured_media":17388,"comment_status":"open","ping_status":"open","sticky":false,"template":"","format":"standard","meta":{"_monsterinsights_skip_tracking":false,"_monsterinsights_sitenote_active":false,"_monsterinsights_sitenote_note":"","_monsterinsights_sitenote_category":0,"footnotes":""},"categories":[3,8],"tags":[914,3459,795,961,1129,731,962,887,237,3501,963,2443,78,798,888],"class_list":["post-18310","post","type-post","status-publish","format-standard","has-post-thumbnail","hentry","category-alltag","category-personliches","tag-914","tag-3459","tag-advent","tag-besinnlichkeit","tag-dezember","tag-erster","tag-frieden","tag-kerze","tag-licht","tag-november","tag-ruhe","tag-sonntag","tag-voerde","tag-weihnachten","tag-wunsche"],"aioseo_notices":[],"_links":{"self":[{"href":"https:\/\/www.michael-floessel.de\/mfblog\/wp-json\/wp\/v2\/posts\/18310","targetHints":{"allow":["GET"]}}],"collection":[{"href":"https:\/\/www.michael-floessel.de\/mfblog\/wp-json\/wp\/v2\/posts"}],"about":[{"href":"https:\/\/www.michael-floessel.de\/mfblog\/wp-json\/wp\/v2\/types\/post"}],"author":[{"embeddable":true,"href":"https:\/\/www.michael-floessel.de\/mfblog\/wp-json\/wp\/v2\/users\/2"}],"replies":[{"embeddable":true,"href":"https:\/\/www.michael-floessel.de\/mfblog\/wp-json\/wp\/v2\/comments?post=18310"}],"version-history":[{"count":0,"href":"https:\/\/www.michael-floessel.de\/mfblog\/wp-json\/wp\/v2\/posts\/18310\/revisions"}],"wp:featuredmedia":[{"embeddable":true,"href":"https:\/\/www.michael-floessel.de\/mfblog\/wp-json\/wp\/v2\/media\/17388"}],"wp:attachment":[{"href":"https:\/\/www.michael-floessel.de\/mfblog\/wp-json\/wp\/v2\/media?parent=18310"}],"wp:term":[{"taxonomy":"category","embeddable":true,"href":"https:\/\/www.michael-floessel.de\/mfblog\/wp-json\/wp\/v2\/categories?post=18310"},{"taxonomy":"post_tag","embeddable":true,"href":"https:\/\/www.michael-floessel.de\/mfblog\/wp-json\/wp\/v2\/tags?post=18310"}],"curies":[{"name":"wp","href":"https:\/\/api.w.org\/{rel}","templated":true}]}}