{"id":18827,"date":"2025-12-24T08:31:12","date_gmt":"2025-12-24T07:31:12","guid":{"rendered":"https:\/\/www.michael-floessel.de\/mfblog\/?p=18827"},"modified":"2025-12-24T08:31:12","modified_gmt":"2025-12-24T07:31:12","slug":"heiligabend-2025-einige-zeilen","status":"publish","type":"post","link":"https:\/\/www.michael-floessel.de\/mfblog\/heiligabend-2025-einige-zeilen\/","title":{"rendered":"Heiligabend 2025, einige Zeilen"},"content":{"rendered":"<h2><strong><a href=\"https:\/\/www.michael-floessel.de\/mfblog\/wp-content\/uploads\/2025\/12\/ki-idee-xmas.jpg\"><img loading=\"lazy\" decoding=\"async\" class=\"alignleft wp-image-18828 size-full\" title=\"Heiligabend 2025, ein paar Zeilen\" src=\"https:\/\/www.michael-floessel.de\/mfblog\/wp-content\/uploads\/2025\/12\/ki-idee-xmas.jpg\" alt=\"Heiligabend 2025, ein paar Zeilen\" width=\"1000\" height=\"563\" srcset=\"https:\/\/www.michael-floessel.de\/mfblog\/wp-content\/uploads\/2025\/12\/ki-idee-xmas.jpg 1000w, https:\/\/www.michael-floessel.de\/mfblog\/wp-content\/uploads\/2025\/12\/ki-idee-xmas-320x180.jpg 320w, https:\/\/www.michael-floessel.de\/mfblog\/wp-content\/uploads\/2025\/12\/ki-idee-xmas-150x84.jpg 150w, https:\/\/www.michael-floessel.de\/mfblog\/wp-content\/uploads\/2025\/12\/ki-idee-xmas-500x282.jpg 500w\" sizes=\"auto, (max-width: 1000px) 100vw, 1000px\" \/><\/a>Heiligabend<\/strong><\/h2>\n<p>Heute ist Heiligabend.<br \/>\nDer Tag, an dem f\u00fcr viele gef\u00fchlt schon Weihnachten ist.<\/p>\n<p>Kalendertechnisch stimmt das nat\u00fcrlich nicht.<br \/>\nWeihnachten beginnt erst morgen, mit dem ersten Weihnachtstag. Heute ist eben der Abend davor.<\/p>\n<p>Trotzdem ist es dieser Moment, an dem man kurz inneh\u00e4lt.<br \/>\nOb bewusst oder nebenbei.<br \/>\nZwischen dem, was erledigt ist, und dem, was noch kommt.<\/p>\n<p>Egal, wie dieser Tag bei euch aussieht, ob ruhig, voll, technisch, famili\u00e4r oder irgendwo dazwischen:<\/p>\n<h4><strong>Ich w\u00fcnsche euch einen angenehmen Heiligabend.<\/strong><\/h4>\n<p>Macht es euch passend.<br \/>\nUnd morgen, ja morgen, ist dann wirklich Weihnachten <img src=\"https:\/\/www.michael-floessel.de\/mfblog\/wp-content\/plugins\/classic-smilies\/img\/icon_wink.gif\" alt=\";-)\" class=\"wp-smiley\" style=\"height: 1em; max-height: 1em;\" \/><\/p>\n<p>&nbsp;<\/p>\n<h2><\/h2>\n<hr \/>\n<h6><strong>Finde Dich zurecht, Du bist in dieser Kategorie:<\/strong><\/h6>\n<div class=\"aioseo-breadcrumbs\"><span class=\"aioseo-breadcrumb\">\n\t\t\t<a href=\"https:\/\/www.michael-floessel.de\/mfblog\" title=\"Home\">Home<\/a>\n\t\t<\/span><span class=\"aioseo-breadcrumb-separator\">&raquo;<\/span><span class=\"aioseo-breadcrumb\">\n\t\t\t<a href=\"https:\/\/www.michael-floessel.de\/mfblog\/category\/personliches\/\" title=\"Persoenliches\">Persoenliches<\/a>\n\t\t<\/span><span class=\"aioseo-breadcrumb-separator\">&raquo;<\/span><span class=\"aioseo-breadcrumb\">\n\t\t\tHeiligabend 2025, einige Zeilen\n\t\t<\/span><\/div>\n<p>&nbsp;<\/p>\n<h6><strong>Besucht mich doch in der Welt der sozialen Medien!<\/strong><\/h6>\n<p><a href=\"https:\/\/bsky.app\/profile\/desasterkreis.bsky.social\" target=\"_blank\" rel=\"noopener\"><img loading=\"lazy\" decoding=\"async\" class=\"alignleft wp-image-18597 size-full\" title=\"bsky.social\" src=\"https:\/\/www.michael-floessel.de\/mfblog\/wp-content\/uploads\/2024\/03\/20bsky.png\" alt=\"bsky.social\" width=\"30\" height=\"30\" \/><\/a> <a href=\"https:\/\/www.facebook.com\/michael.floessel.5\" target=\"_blank\" rel=\"noopener\"><img loading=\"lazy\" decoding=\"async\" class=\"alignleft wp-image-18598 size-full\" title=\"Facebook\" src=\"https:\/\/www.michael-floessel.de\/mfblog\/wp-content\/uploads\/2024\/03\/20fb.png\" alt=\"facebook\" width=\"30\" height=\"30\" \/><\/a> <a href=\"https:\/\/www.instagram.com\/sesselphilosoph\/\" target=\"_blank\" rel=\"noopener\"><img loading=\"lazy\" decoding=\"async\" class=\"alignleft wp-image-18599 size-full\" title=\"Instagram\" src=\"https:\/\/www.michael-floessel.de\/mfblog\/wp-content\/uploads\/2024\/03\/20insta.png\" alt=\"instagram\" width=\"30\" height=\"30\" \/><\/a> <a href=\"https:\/\/www.pinterest.de\/flssel\/\" target=\"_blank\" rel=\"noopener\"><img loading=\"lazy\" decoding=\"async\" class=\"alignleft wp-image-18600 size-full\" title=\"Pinterest\" src=\"https:\/\/www.michael-floessel.de\/mfblog\/wp-content\/uploads\/2024\/03\/20pint.png\" alt=\"pinterest\" width=\"30\" height=\"30\" \/><\/a> <a title=\"Twitter \/ X\" href=\"https:\/\/twitter.com\/Der_M_mit_F\" target=\"_blank\" rel=\"noopener\"><img loading=\"lazy\" decoding=\"async\" class=\"alignleft wp-image-18601 size-full\" title=\"X \/ Twitter\" src=\"https:\/\/www.michael-floessel.de\/mfblog\/wp-content\/uploads\/2024\/03\/20x.png\" alt=\"X \/ Twitter\" width=\"30\" height=\"31\" \/><\/a><\/p>\n<p>&nbsp;<\/p>\n<p>&nbsp;<\/p>\n<h6><strong>\u00a0 \u00a0<\/strong><\/h6>\n<!-- relpost-thumb-wrapper --><div class=\"relpost-thumb-wrapper\"><!-- filter-class --><div class=\"relpost-thumb-container\"><style>.relpost-block-single-image, .relpost-post-image { margin-bottom: 10px; }<\/style><h3>Related posts:<\/h3><div style=\"clear: both\"><\/div><div style=\"clear: both\"><\/div><!-- relpost-block-container --><div class=\"relpost-block-container relpost-block-column-layout\" style=\"--relposth-columns: 4;--relposth-columns_t: 3; --relposth-columns_m: 2\"><a href=\"https:\/\/www.michael-floessel.de\/mfblog\/die-paar-watt-mal-wieder\/\"class=\"relpost-block-single\" ><div class=\"relpost-custom-block-single\"><div class=\"relpost-block-single-image rpt-lazyload\" aria-label=\"Beispielbild zu einem Artikel auf www.michael-floessel.de - Energiekosten PC\" role=\"img\" data-bg=\"https:\/\/www.michael-floessel.de\/mfblog\/wp-content\/uploads\/2012\/09\/energie_sample_pic.jpg\" style=\"background: transparent no-repeat scroll 0% 0%; width: 1000px; height: 288px; aspect-ratio: 16\/9;\"><\/div><div class=\"relpost-block-single-text\"  style=\"height: 75px;font-family: Arial;  font-size: 12px;  color: rgb(237,201,23);\"><h4 class=\"relpost_card_title\">Die paar Watt mal wieder<\/h4><\/div><\/div><\/a><a href=\"https:\/\/www.michael-floessel.de\/mfblog\/dinslaken-weihnachtsgeschaft-verlauft-schleppend-rp-online\/\"class=\"relpost-block-single\" ><div class=\"relpost-custom-block-single\"><div class=\"relpost-block-single-image rpt-lazyload\" aria-hidden=\"true\" role=\"img\" data-bg=\"https:\/\/www.michael-floessel.de\/mfblog\/wp-content\/uploads\/2026\/04\/the-joker-pic-4-michael-floessel.de_.jpg\" style=\"background: transparent no-repeat scroll 0% 0%; width: 1000px; height: 288px; aspect-ratio: 16\/9;\"><\/div><div class=\"relpost-block-single-text\"  style=\"height: 75px;font-family: Arial;  font-size: 12px;  color: rgb(237,201,23);\"><h4 class=\"relpost_card_title\">Dinslaken: Weihnachtsgesch\u00e4ft verl\u00e4uft schleppend - RP-Online<\/h4><\/div><\/div><\/a><a href=\"https:\/\/www.michael-floessel.de\/mfblog\/mails-und-anfragen-zum-sony-ericsson-xperia-arc-s\/\"class=\"relpost-block-single\" ><div class=\"relpost-custom-block-single\"><div class=\"relpost-block-single-image rpt-lazyload\" aria-label=\"Sony Ericsson Xperia arc S\" role=\"img\" data-bg=\"https:\/\/www.michael-floessel.de\/mfblog\/wp-content\/uploads\/2012\/11\/Sony-Ericsson-Xperia-arc-S-640x288.jpg\" style=\"background: transparent no-repeat scroll 0% 0%; width: 1000px; height: 288px; aspect-ratio: 16\/9;\"><\/div><div class=\"relpost-block-single-text\"  style=\"height: 75px;font-family: Arial;  font-size: 12px;  color: rgb(237,201,23);\"><h4 class=\"relpost_card_title\">Mails und Anfragen zum Sony Ericsson Xperia\u2122 arc S <\/h4><\/div><\/div><\/a><a href=\"https:\/\/www.michael-floessel.de\/mfblog\/datenschutz-meinungen-mails-windows-10\/\"class=\"relpost-block-single\" ><div class=\"relpost-custom-block-single\"><div class=\"relpost-block-single-image rpt-lazyload\" aria-hidden=\"true\" role=\"img\" data-bg=\"https:\/\/www.michael-floessel.de\/mfblog\/wp-content\/uploads\/2015\/07\/w10_hp_header-1000x128.jpg\" style=\"background: transparent no-repeat scroll 0% 0%; width: 1000px; height: 288px; aspect-ratio: 16\/9;\"><\/div><div class=\"relpost-block-single-text\"  style=\"height: 75px;font-family: Arial;  font-size: 12px;  color: rgb(237,201,23);\"><h4 class=\"relpost_card_title\">Datenschutz, Meinungen &amp; Mails - Windows 10<\/h4><\/div><\/div><\/a><\/div><!-- close relpost-block-container --><div style=\"clear: both\"><\/div><\/div><!-- close filter class --><\/div><!-- close relpost-thumb-wrapper -->","protected":false},"excerpt":{"rendered":"<p>Heiligabend Heute ist Heiligabend. Der Tag, an dem f\u00fcr viele gef\u00fchlt schon Weihnachten ist. Kalendertechnisch stimmt das nat\u00fcrlich nicht. Weihnachten beginnt erst morgen, mit dem ersten Weihnachtstag. Heute ist eben der Abend davor. Trotzdem ist es dieser Moment, an dem &hellip; <a href=\"https:\/\/www.michael-floessel.de\/mfblog\/heiligabend-2025-einige-zeilen\/\">Weiterlesen <span class=\"meta-nav\">&rarr;<\/span><\/a><\/p>\n","protected":false},"author":2,"featured_media":18828,"comment_status":"open","ping_status":"open","sticky":false,"template":"","format":"standard","meta":{"_monsterinsights_skip_tracking":false,"_monsterinsights_sitenote_active":false,"_monsterinsights_sitenote_note":"","_monsterinsights_sitenote_category":0,"footnotes":""},"categories":[8],"tags":[1587,1917,2722,2060,3103,2057,1116,3576,3228,2805,799,963,798],"class_list":["post-18827","post","type-post","status-publish","format-standard","has-post-thumbnail","hentry","category-personliches","tag-1587","tag-1917","tag-alltag","tag-familie","tag-feiertage","tag-fest","tag-frohes","tag-gruss","tag-gruesse","tag-heiligabend","tag-jahresende","tag-ruhe","tag-weihnachten"],"aioseo_notices":[],"_links":{"self":[{"href":"https:\/\/www.michael-floessel.de\/mfblog\/wp-json\/wp\/v2\/posts\/18827","targetHints":{"allow":["GET"]}}],"collection":[{"href":"https:\/\/www.michael-floessel.de\/mfblog\/wp-json\/wp\/v2\/posts"}],"about":[{"href":"https:\/\/www.michael-floessel.de\/mfblog\/wp-json\/wp\/v2\/types\/post"}],"author":[{"embeddable":true,"href":"https:\/\/www.michael-floessel.de\/mfblog\/wp-json\/wp\/v2\/users\/2"}],"replies":[{"embeddable":true,"href":"https:\/\/www.michael-floessel.de\/mfblog\/wp-json\/wp\/v2\/comments?post=18827"}],"version-history":[{"count":1,"href":"https:\/\/www.michael-floessel.de\/mfblog\/wp-json\/wp\/v2\/posts\/18827\/revisions"}],"predecessor-version":[{"id":18829,"href":"https:\/\/www.michael-floessel.de\/mfblog\/wp-json\/wp\/v2\/posts\/18827\/revisions\/18829"}],"wp:featuredmedia":[{"embeddable":true,"href":"https:\/\/www.michael-floessel.de\/mfblog\/wp-json\/wp\/v2\/media\/18828"}],"wp:attachment":[{"href":"https:\/\/www.michael-floessel.de\/mfblog\/wp-json\/wp\/v2\/media?parent=18827"}],"wp:term":[{"taxonomy":"category","embeddable":true,"href":"https:\/\/www.michael-floessel.de\/mfblog\/wp-json\/wp\/v2\/categories?post=18827"},{"taxonomy":"post_tag","embeddable":true,"href":"https:\/\/www.michael-floessel.de\/mfblog\/wp-json\/wp\/v2\/tags?post=18827"}],"curies":[{"name":"wp","href":"https:\/\/api.w.org\/{rel}","templated":true}]}}