{"id":212,"date":"2012-06-09T20:07:56","date_gmt":"2012-06-09T18:07:56","guid":{"rendered":"http:\/\/www.michael-floessel.de\/mfblog\/?p=212"},"modified":"2013-06-16T09:23:36","modified_gmt":"2013-06-16T07:23:36","slug":"faq-mini-zum-amilo-a-a7600-cy26","status":"publish","type":"post","link":"https:\/\/www.michael-floessel.de\/mfblog\/faq-mini-zum-amilo-a-a7600-cy26\/","title":{"rendered":"FAQ (Mini) zum Amilo A A7600 CY26"},"content":{"rendered":"<p>Bei Durchsicht meiner Mails aus den vergangenen <del>Monaten<\/del> Wochen ist mir aufgefallen, da\u00df sich dieses Ger\u00e4t doch erstaunlicherweise noch eines gewissen Interesses erfreut. Ich fasse die Anfragen (bzw. Antworten, soweit ich Antworten habe) mal in Kurzform zusammen. F\u00fcr die User, denen ich sagte das ich ihn nicht mehr besitze und so nicht mehr testen kann &#8211; das Ger\u00e4t ist ist auf kuriosen Umwegen zu mir zur\u00fcck gekommen und dient seitdem als &#8218;Labor PC&#8216; und vor allem DVB-T Fernseher in meiner Bastelecke (\u00fcber USB 2 per PCMCIA USB 2 Karte) <img src=\"https:\/\/www.michael-floessel.de\/mfblog\/wp-content\/plugins\/classic-smilies\/img\/icon_biggrin.gif\" alt=\":-D\" class=\"wp-smiley\" style=\"height: 1em; max-height: 1em;\" \/><\/p>\n<div id=\"attachment_213\" style=\"width: 160px\" class=\"wp-caption aligncenter\"><a href=\"http:\/\/www.michael-floessel.de\/mfblog\/faq-mini-zum-amilo-a-a7600-cy26\/minolta-digital-camera-33\/\" rel=\"attachment wp-att-213\"><img loading=\"lazy\" decoding=\"async\" aria-describedby=\"caption-attachment-213\" class=\"size-thumbnail wp-image-213\" title=\"Amilo A A7600 CY26\" alt=\"Amilo A A7600 CY26\" src=\"http:\/\/www.michael-floessel.de\/mfblog\/wp-content\/uploads\/2012\/06\/amilocy26-150x150.jpg\" width=\"150\" height=\"150\" \/><\/a><p id=\"caption-attachment-213\" class=\"wp-caption-text\">Amilo A A7600 CY26<\/p><\/div>\n<p><strong>Akku ersetzen<\/strong><\/p>\n<p>F:<\/p>\n<p>Ich suche einen neuen Akku, viele der z.B. bei Auktionsh\u00e4usern angebotenen laden nicht.<\/p>\n<p>A:<\/p>\n<p>Das Problem kenne ich, die Ladeelektronik im Amilo ist w\u00e4hlerisch. Vor l\u00e4ngerer Zeit habe ich dazu mal einen Menschen befragt, der professionell Akkus refreshed. Laut diesem nehmen viele Nachbauakkus einen h\u00f6heren Ladestrom, die Elektronik verweigert diesen wohl. Hier hilft nur testen&#8230; Aber Vorsicht, angeblich kann der h\u00f6here Ladestrom die Ladeelektronik auch killen. Ger\u00fcchteweise gibt es bei (nicht lachen <img src=\"https:\/\/www.michael-floessel.de\/mfblog\/wp-content\/plugins\/classic-smilies\/img\/icon_smile.gif\" alt=\":-)\" class=\"wp-smiley\" style=\"height: 1em; max-height: 1em;\" \/> ) Neckermann einen BAT30(3NL?) mit 14,4V\/4400 mA\/h der l\u00e4uft. (Stand M\u00e4rz 2012)<\/p>\n<p><strong>CPU aufr\u00fcsten<\/strong><\/p>\n<p>F:<\/p>\n<p>Schnellste CPU&#8230;.<\/p>\n<p>A:<\/p>\n<p>Das schnellste Ger\u00e4t war seinerzeit der 2400er. Ich habe viele Feedbacks bekommen die aussagten, das der Amilo beim Erwischen des falschen Typs nicht mehr funktionierte, auch nicht nach dem R\u00fcckbau! Also entweder den 100% richtigen Mobiletyp finden (ich kenne den genauen Typ nicht!!!) oder Finger weg lassen!<\/p>\n<p><strong>Aktuelles BIOS<\/strong><\/p>\n<p>F:<\/p>\n<p>Gibt es ein aktuelles BIOS?<\/p>\n<p>A:<\/p>\n<p>Version 1.10. Andere sind mir nicht bekannt. Viele sind mit der 1.09 zufriedener, meiner l\u00e4uft mit der 1.10 besser.<\/p>\n<p><strong>RAM<\/strong><\/p>\n<p>F:<\/p>\n<p>Ich will auf 2 GB oder h\u00f6her aufr\u00fcsten&#8230;<\/p>\n<p>A:<\/p>\n<p>Tja, leider ist bei 1 GB Schluss, ausserdem ist der Amilo SEHR w\u00e4herisch was die RAM Module angeht<\/p>\n<p><strong>Grafikkarte aufr\u00fcsten<\/strong><\/p>\n<p>F:<\/p>\n<p>Die Grafikkarte ist extrem langsam, kann ich aufr\u00fcsten?<\/p>\n<p>A:<\/p>\n<p>Nein.<\/p>\n<p><strong>USB\u00a0<\/strong><\/p>\n<p>F:<\/p>\n<p>Ich habe langsames USB, Bluescreens, unerkannte Ger\u00e4te, blockierende USB Maus, unerkannten USB Hub und, und, und&#8230;.<\/p>\n<p>A:<\/p>\n<p>USB am Amilo ist eine Katastrophe&#8230; Es ist nur USB 1.1, der Speed ist also verst\u00e4ndlicherweise nicht der h\u00f6chste. Au\u00dferdem scheint sich der USB Port auch noch den IRQ mit der Grafikkarte und wahrscheinlich noch weiteren Ger\u00e4ten zu teilen. Wird es dem Amilo zu viel, gibt es den Bluescreen oder alle anderen, jemals aufgetretenen USB Probleme der Welt in zuf\u00e4lliger Reihenfolge&#8230; ich glaube, ich habe am Amilo jeden USB Fehler kennengelernt, den es gibt <img src=\"https:\/\/www.michael-floessel.de\/mfblog\/wp-content\/plugins\/classic-smilies\/img\/icon_wink.gif\" alt=\";-)\" class=\"wp-smiley\" style=\"height: 1em; max-height: 1em;\" \/> Auch hat der USB Port Probleme einen h\u00f6heren Strom zu liefern, ich habe kaum Ger\u00e4te zufriedenstellend ans laufen bekommen, die mehr als 100 mA ben\u00f6tigten. Abhilfe schafft hier ein aktiver USB Hub. Aber keine Wunder erwarten. Alternativ geht es auch mit einer PCMCIA USB 2.0 Karte (PC Card) aber auch hier keine allzugro\u00dfe Hoffnung haben &#8211; auch die sollte, wenn m\u00f6glich, ein externes Netzteil besitzen. Bluescreens kann es aber auch hier geben, der PCMICA Port scheint sich auch den IRQ mit dem internen USB Controller und der Grafikkarte zu teilen.<\/p>\n<p><strong>Festplatte<\/strong><\/p>\n<p>F:<\/p>\n<p>Maximale HDD Gr\u00f6\u00dfe?<\/p>\n<p>A:<\/p>\n<p>Ich hatte\/habe als gr\u00f6\u00dftes eine 160 GB IDE Platte verbaut.<\/p>\n<p>&nbsp;<\/p>\n<p>Soweit, so gut &#8211; wenn mir noch was einf\u00e4llt erg\u00e4nze ich diese Mini FAQ noch, ansonsten auch meinen <a title=\"Amilo A A7600 CY26\" href=\"http:\/\/www.michael-floessel.de\/amilo\/amilostart.htm\" target=\"_blank\">Artikel aus vergangenen Tage zu dem Ger\u00e4t lesen<\/a>!<\/p>\n<p>Und nicht vergessen, das ist eine \u00e4ltere Kiste bei der man sich \u00fcberlegen sollte, was man noch investieren will. OK, wenn man von den bekannten Problemen absieht und auf diese R\u00fccksicht nimmt, l\u00e4uft er superstabil, weswegen ich auch die meisten meiner Elektronikarbeiten mit im erledige (RS232 sein Dank <img src=\"https:\/\/www.michael-floessel.de\/mfblog\/wp-content\/plugins\/classic-smilies\/img\/icon_smile.gif\" alt=\":-)\" class=\"wp-smiley\" style=\"height: 1em; max-height: 1em;\" \/> ), aber in den 9 Jahren die ich ihn besitze ist doch einiges auf den Markt gekommen, was mittlerweile f\u00fcr kleines Geld zu bekommen ist. Aber ich bin ja selber so bekloppt, das Ger\u00e4t so lange wie m\u00f6glich im Einsatz zu halten <img src=\"https:\/\/www.michael-floessel.de\/mfblog\/wp-content\/plugins\/classic-smilies\/img\/icon_biggrin.gif\" alt=\":-D\" class=\"wp-smiley\" style=\"height: 1em; max-height: 1em;\" \/><br \/>\n&nbsp;<br \/>\n<!-- BEGIN PARTNER PROGRAM - DO NOT CHANGE THE PARAMETERS OF THE HYPERLINK --><br \/>\n<a href=\"http:\/\/partners.webmasterplan.com\/click.asp?ref=15882&#038;site=3046&#038;type=b183&#038;bnb=183\" target=\"_blank\"><br \/>\n<img loading=\"lazy\" decoding=\"async\" src=\"http:\/\/banners.webmasterplan.com\/view.asp?ref=15882&#038;site=3046&#038;b=183\" border=\"0\" title=\"Westfalia - das Spezialversandhaus\" alt=\"Westfalia - das Spezialversandhaus\" width=\"468\" height=\"60\" \/><\/a><br \/>\n<!-- END PARTNER PROGRAM --><br \/>\n&nbsp;<\/p>\n<!-- relpost-thumb-wrapper --><div class=\"relpost-thumb-wrapper\"><!-- filter-class --><div class=\"relpost-thumb-container\"><style>.relpost-block-single-image, .relpost-post-image { margin-bottom: 10px; }<\/style><h3>Related posts:<\/h3><div style=\"clear: both\"><\/div><div style=\"clear: both\"><\/div><!-- relpost-block-container --><div class=\"relpost-block-container relpost-block-column-layout\" style=\"--relposth-columns: 4;--relposth-columns_t: 3; --relposth-columns_m: 2\"><a href=\"https:\/\/www.michael-floessel.de\/mfblog\/teil-9-pc-tagebuch\/\"class=\"relpost-block-single\" ><div class=\"relpost-custom-block-single\"><div class=\"relpost-block-single-image rpt-lazyload\" aria-hidden=\"true\" role=\"img\" data-bg=\"https:\/\/www.michael-floessel.de\/mfblog\/wp-content\/uploads\/2026\/04\/the-joker-pic-4-michael-floessel.de_.jpg\" style=\"background: transparent no-repeat scroll 0% 0%; width: 1000px; height: 288px; aspect-ratio: 16\/9;\"><\/div><div class=\"relpost-block-single-text\"  style=\"height: 75px;font-family: Arial;  font-size: 12px;  color: rgb(237,201,23);\"><h4 class=\"relpost_card_title\">Teil 9 \u2013 PC Tagebuch<\/h4><\/div><\/div><\/a><a href=\"https:\/\/www.michael-floessel.de\/mfblog\/suche-ddr-ram\/\"class=\"relpost-block-single\" ><div class=\"relpost-custom-block-single\"><div class=\"relpost-block-single-image rpt-lazyload\" aria-hidden=\"true\" role=\"img\" data-bg=\"https:\/\/www.michael-floessel.de\/mfblog\/wp-content\/uploads\/2026\/04\/the-joker-pic-4-michael-floessel.de_.jpg\" style=\"background: transparent no-repeat scroll 0% 0%; width: 1000px; height: 288px; aspect-ratio: 16\/9;\"><\/div><div class=\"relpost-block-single-text\"  style=\"height: 75px;font-family: Arial;  font-size: 12px;  color: rgb(237,201,23);\"><h4 class=\"relpost_card_title\">Suche DDR RAM<\/h4><\/div><\/div><\/a><a href=\"https:\/\/www.michael-floessel.de\/mfblog\/oecd-hande-weg-vom-internet-heise-online\/\"class=\"relpost-block-single\" ><div class=\"relpost-custom-block-single\"><div class=\"relpost-block-single-image rpt-lazyload\" aria-hidden=\"true\" role=\"img\" data-bg=\"https:\/\/www.michael-floessel.de\/mfblog\/wp-content\/uploads\/2026\/04\/the-joker-pic-4-michael-floessel.de_.jpg\" style=\"background: transparent no-repeat scroll 0% 0%; width: 1000px; height: 288px; aspect-ratio: 16\/9;\"><\/div><div class=\"relpost-block-single-text\"  style=\"height: 75px;font-family: Arial;  font-size: 12px;  color: rgb(237,201,23);\"><h4 class=\"relpost_card_title\">OECD: H\u00e4nde weg vom Internet! | heise online<\/h4><\/div><\/div><\/a><a href=\"https:\/\/www.michael-floessel.de\/mfblog\/chrome-ubernimmt-webcam-und-mikrofon-google-greift-skype-frontal-an-online-pc-welt\/\"class=\"relpost-block-single\" ><div class=\"relpost-custom-block-single\"><div class=\"relpost-block-single-image rpt-lazyload\" aria-hidden=\"true\" role=\"img\" data-bg=\"https:\/\/www.michael-floessel.de\/mfblog\/wp-content\/uploads\/2026\/04\/the-joker-pic-4-michael-floessel.de_.jpg\" style=\"background: transparent no-repeat scroll 0% 0%; width: 1000px; height: 288px; aspect-ratio: 16\/9;\"><\/div><div class=\"relpost-block-single-text\"  style=\"height: 75px;font-family: Arial;  font-size: 12px;  color: rgb(237,201,23);\"><h4 class=\"relpost_card_title\">Chrome \u00fcbernimmt Webcam und Mikrofon - Google greift Skype frontal an - Online - PC-WELT<\/h4><\/div><\/div><\/a><\/div><!-- close relpost-block-container --><div style=\"clear: both\"><\/div><\/div><!-- close filter class --><\/div><!-- close relpost-thumb-wrapper -->","protected":false},"excerpt":{"rendered":"<p>Bei Durchsicht meiner Mails aus den vergangenen Monaten Wochen ist mir aufgefallen, da\u00df sich dieses Ger\u00e4t doch erstaunlicherweise noch eines gewissen Interesses erfreut. Ich fasse die Anfragen (bzw. Antworten, soweit ich Antworten habe) mal in Kurzform zusammen. F\u00fcr die User, &hellip; <a href=\"https:\/\/www.michael-floessel.de\/mfblog\/faq-mini-zum-amilo-a-a7600-cy26\/\">Weiterlesen <span class=\"meta-nav\">&rarr;<\/span><\/a><\/p>\n","protected":false},"author":2,"featured_media":0,"comment_status":"open","ping_status":"open","sticky":false,"template":"","format":"standard","meta":{"_monsterinsights_skip_tracking":false,"_monsterinsights_sitenote_active":false,"_monsterinsights_sitenote_note":"","_monsterinsights_sitenote_category":0,"footnotes":""},"categories":[13],"tags":[],"class_list":["post-212","post","type-post","status-publish","format-standard","hentry","category-pc-multimedia-netzwerk"],"aioseo_notices":[],"_links":{"self":[{"href":"https:\/\/www.michael-floessel.de\/mfblog\/wp-json\/wp\/v2\/posts\/212","targetHints":{"allow":["GET"]}}],"collection":[{"href":"https:\/\/www.michael-floessel.de\/mfblog\/wp-json\/wp\/v2\/posts"}],"about":[{"href":"https:\/\/www.michael-floessel.de\/mfblog\/wp-json\/wp\/v2\/types\/post"}],"author":[{"embeddable":true,"href":"https:\/\/www.michael-floessel.de\/mfblog\/wp-json\/wp\/v2\/users\/2"}],"replies":[{"embeddable":true,"href":"https:\/\/www.michael-floessel.de\/mfblog\/wp-json\/wp\/v2\/comments?post=212"}],"version-history":[{"count":0,"href":"https:\/\/www.michael-floessel.de\/mfblog\/wp-json\/wp\/v2\/posts\/212\/revisions"}],"wp:attachment":[{"href":"https:\/\/www.michael-floessel.de\/mfblog\/wp-json\/wp\/v2\/media?parent=212"}],"wp:term":[{"taxonomy":"category","embeddable":true,"href":"https:\/\/www.michael-floessel.de\/mfblog\/wp-json\/wp\/v2\/categories?post=212"},{"taxonomy":"post_tag","embeddable":true,"href":"https:\/\/www.michael-floessel.de\/mfblog\/wp-json\/wp\/v2\/tags?post=212"}],"curies":[{"name":"wp","href":"https:\/\/api.w.org\/{rel}","templated":true}]}}