{"id":4275,"date":"2012-10-13T17:22:35","date_gmt":"2012-10-13T15:22:35","guid":{"rendered":"http:\/\/www.michael-floessel.de\/mfblog\/?p=4275"},"modified":"2012-10-13T17:20:30","modified_gmt":"2012-10-13T15:20:30","slug":"nochmal-mein-senf-zu-diskussionen-um-strom-benzin-und-die-mehrbelastung-im-alltag","status":"publish","type":"post","link":"https:\/\/www.michael-floessel.de\/mfblog\/nochmal-mein-senf-zu-diskussionen-um-strom-benzin-und-die-mehrbelastung-im-alltag\/","title":{"rendered":"Nochmal mein Senf zu Diskussionen um Strom, Benzin und die Mehrbelastung im Alltag"},"content":{"rendered":"<p>In der aktuellen Berichterstattung zur Stromverteuerung ist immer wieder zu lesen und h\u00f6ren, dass ein xx-K\u00f6pfiger Haushalt xx Euro an Mehrbelastung zu erwarten hat.<\/p>\n<p>Warum wird das nicht immer konkret mit den Kilowattstunden angegeben? Es gibt 4-Personen Haushalte, die mit 4000 kWh auskommen, andere brauchen 7000. Von Durchlauferhitzer bis Heizung kann man das doch gar nicht pauschalisieren. Meist ist aber immer eine Personenanzahl als Bezug angegeben.<\/p>\n<p>Fast alle Menschen, mit denen ich in den vergangenen Tagen gesprochen habe, sehen beim Bezug auf den Vorjahresverbrauch deutlich schlechter aus, als in den beispielhaften Angaben zur Haushaltsgr\u00f6\u00dfe.<\/p>\n<p>In einem anderen Blog habe ich vorhin gelesen, dass man wegen der 50 Euro im Jahr nicht jammern sollte. <strong>Geht&#8217;s noch? Wegen der Sicherheit!\u00a0<\/strong>Ich glaube ich spinne. Da hat sich aber jemand sehr sch\u00f6n von der M\u00e4rchenwelt-Argumentation der Stimmungsmacher einwickeln lassen.<\/p>\n<p>Das sind bei normalen Familien <em><strong>NIEMALS<\/strong><\/em> nur 50 Euro! Eher pro Person. Und warum soll der Verbraucher das alles tragen?<\/p>\n<p>WARUM? Die Energieerzeuger haben sich in den letzten Jahren die Taschen mit gigantischen Gewinnen vollgestopft, es w\u00e4re mal an der Zeit, diese Gewinne zu nutzen! Andere Unternehmen m\u00fcssen die Konkurrenzf\u00e4higkeit ihres Betriebes auch aus den Gewinnen meistern. Aber der Stromkunde hat bereits mit der vergangenen Rechnung das bezahlt, was er bekommen hat! es wurde ihm nichts geschenkt. Er zahlt aber mit der aktuellen Rechnung schon Kosten, welche noch gar nicht angefallen sind. Und f\u00fcr die er in anderen Gesch\u00e4ftsmodellen gar nicht aufkommen m\u00fcsste. Und dar\u00fcber hinaus ist jetzt schon sicher, dass er f\u00fcr die Zukunft Dinge bezahlt, die noch gar nicht vorhanden sind.<\/p>\n<p>Da kommen als ernst gemeinter Vorschlag Energieberater auf&#8217;s Tablett. Sch\u00f6n! Ich kann, wenn n\u00f6tig, die Kosten eines Ger\u00e4tes auf 3 Stellen hinter dem Komma berechnen. Tu&#8216; ich auch! Und was n\u00fctzt mir das? <strong>NIX!\u00a0<\/strong>Schon alleine deswegen, weil ich keine Ahnung habe, welchen Vorwand man sich in Zukunft einfallen lassen wird, um wieder mehr abzugreifen.<\/p>\n<p>Und weil niemand in der Politik <strong>WIRKLICH <\/strong>den Willen oder die F\u00e4higkeit bzw. Macht hat, etwas an den Energiepreisen zu reglementieren, muss ich jeden Cent der \u00fcber ist daf\u00fcr ausgeben, die aktuellen Kosten zu decken. Klar frisst ein neuer K\u00fchlschrank evtl. weniger. Wovon soll man ihn denn noch bezahlen? F\u00fcr viele stellt sich die Wahl zwischen einem neuen Ger\u00e4t <strong>ODER<\/strong>\u00a0der Notwendigkeit, aktuelle Abschl\u00e4ge und Nachzahlungen auszugleichen.<\/p>\n<p>Es gibt haupts\u00e4chlich zwei Themen, welche mir im Augenblick sauer Aufsto\u00dfen. Nein, eigentlich nicht die Themen, eher die sehr oft sinnlos dahergelaberten Vorschl\u00e4ge zur L\u00f6sungen und die angeblichen Gr\u00fcnde, warum man doch Verst\u00e4ndnis haben soll .<\/p>\n<p><strong>Strompreise<\/strong><\/p>\n<p><em>Energieberater sollen helfen&#8230; <\/em><\/p>\n<p>Sch\u00f6n, dann wei\u00df ich, was in meinem Haushalt viel verbraucht. Und dann? Kriegen die Haushalte (vor allem die Geringverdiener, Hartz 4 Empf\u00e4nger oder alleinigen Br\u00f6tchenverdiener) dann die sparsameren Ger\u00e4te umsonst oder wenigstens\u00a0<strong>WESENTLICH<\/strong> g\u00fcnstiger? Nein! Im Gegenteil! Hintenrum wird ja auch damit Umsatz generiert. Wer sich neues leisten kann, der wird auch Geld in Umlauf bringen. Diese Menschen werden aber auch meist nicht in den Genuss des Gef\u00fchls der Angst \u00a0kommen, im n\u00e4chsten Jahr vielleicht ohne Strom dazustehen. Der Rest kann eben schauen, wo er bleibt. Und ja, solche F\u00e4lle gibt es nicht nur bei Hartz 4 Empf\u00e4ngern!<\/p>\n<p>Nebenbei habe ich alle Standby Verbraucher auf das absolut notwendigste reduziert. Die Gro\u00dfger\u00e4te sind nicht sehr alt, mein Verbrauch ist seit Jahren gesunken oder zumindest in etwa gleich geblieben. Trotzdem zahle ich seit Jahren nach, immer im kleinen bis mittleren (dreistelligen) Bereich. Und Entschuldigung, ich lebe nicht in einer H\u00f6hle, ich will nicht soweit kommen aus Sparsamkeitsgr\u00fcnden demn\u00e4chst hier mit Petroleumlampen beleuchten zu m\u00fcssen. Aber auch egal, dann wird Petroleum innerhalb einiger Jahre 50 Euro pro Liter kosten und ich muss neue, EU-Norm gerechte Lampen kaufen, sonst erlischt jeder Versicherungsschutz. Aber vielleicht liegt alles ja auch daran, dass bei der in Zukunft gew\u00fcnschten Elektromobilit\u00e4t der Strom eben das nicht mehr verkauft Benzin ausgleichen soll.<\/p>\n<p><strong>Benzinpreise bzw. Fahrtkosten<\/strong><\/p>\n<p><em>&#8218;Dann muss man halt mit dem Fahrrad zur Arbeit fahren&#8217;&#8230; <\/em><\/p>\n<p>Ey, mir fliegt der Kopf weg. Das soll mir derjenige, der eine solche Schei\u00dfe von sich gibt, mal vormachen. Einfache Fahrt 30 km zur Arbeit. Mit dem Rad, jeden Tag!\u00a0Und nebenbei, wer 8-10 Stunden am Tage gestanden hat, schweres geschleppt oder zusammengebaut hat, ist bestimmt immer scharf darauf, dann noch 10-30 km Fahrrad zu fahren!\u00a0Und nicht vergessen, bei allen Infos die Realit\u00e4t im Auge zu halten. Es gibt auch Winter, -10\u00b0C, Schnee, Eis und vieles anderes. Und nat\u00fcrlich sind alle Menschen unter 30 und kerngesund.<\/p>\n<p><em>&#8218;Ein Auto mit weniger Verbrauch kaufen&#8217;&#8230;<\/em><\/p>\n<p>Ja logisch, wer den Sprit kaum noch l\u00f6hnen kann, hat ja mal eben 20.000 Euro f\u00fcr einen anderen Wagen \u00fcber. Meiner braucht ca. 7,5 Liter\/100 Kilometer. Was soll sich denn da noch rechnen?<\/p>\n<p><em>&#8218;Bus und Bahn&#8216;<\/em><\/p>\n<p>Ja bestimmt doch. Klappt immer, egal wohin. Kostet auch bestimmt weniger. Das ich nicht lache! Mal als Beispiel:<\/p>\n<p>Eine Fahrt mit dem Bus von Duisburg Walsum bis zum Centro in Oberhausen dauert ca. 70 Minuten, wenn man Gl\u00fcck hat. <strong>WENN!<\/strong> In der Realit\u00e4t kommt aber der erste Bus so viel zu sp\u00e4t, dass man den Anschluss mit Sicherheit nicht bekommt. Dann sind das schon 1,5 Stunden. F\u00fcr ca. 19 Kilometer&#8230; \u00dcbrigens kann man per Tagesticket mit Preisstufe A fahren. Das Monatsticket f\u00fcr diese Strecke gibt es aber nur in Preisstufe B. ist halt so. Habe ich Ende 2011 selber erfahren d\u00fcrfen, als ich mal ca. 6 Wochen kein Auto hatte. Und wenn man dann noch am Samstag\/Sonntag ran muss, wird das noch viel schlimmer. Da sind 2 Stunden mal zur Sicherheit einzuplanen. pro Tour. Hin und zur\u00fcck irgendwo zwischen 3 und 4,5 Stunden. Gro\u00dfartig! Falls der Bus nicht einfach weg ist, weil er so voll war, dass niemand mehr hinein gepasst hat.<\/p>\n<p>Nebenbei, habe ich nicht gerade noch lesen m\u00fcssen, das man in der aktuellen Arbeitswelt flexibel sein muss? Auch l\u00e4ngere und wirklich lange Arbeitswege in Kauf zu nehmen hat? Kann man aber irgendwann nicht mehr, wenn die Fahrtkosten den Unterschied zwischen &#8218;es geht gerade noch&#8216; oder &#8218;es ist kein Geld mehr da&#8216; ausmachen.<\/p>\n<p><strong>Und immer mal im Hinterkopf behalten<\/strong>:<\/p>\n<p>Im Gegensatz zur anscheinend g\u00e4ngigen Meinung mancher, arbeiten nicht alle 8-17 Uhr im B\u00fcro! Viele Menschen, die dieses Land am Atmen halten, sind immer noch mit K\u00f6rpereinsatz arbeitende, Handwerker und Malocher eben. Verk\u00e4ufer(innen) und viele andere, die 8 Stunden (und oft mehr) rennen, stehen, Kartons stapeln und was wei\u00df ich noch alles.<\/p>\n<p>Klappt bestimmt super, wenn z.B. der kleine Dachdeckerbetrieb demn\u00e4chst seine Leitern und Werkzeuge mit dem Rad zur 50 km entfernten Baustelle f\u00e4hrt. Oder die kleine Schlosserei besser das Material klebt anstatt zu schwei\u00dfen, f\u00fcr die Maschinen kann leider der Strom nicht mehr bezahlt werden. Geht nicht? Ach! Die k\u00f6nnen dann ja einfach die Preise erh\u00f6hen! Logisch, wird von den Kunden sofort toleriert, Preiserh\u00f6hungen kommen im harten Wettbewerb immer gut. Von den Arbeitnehmern mal ganz zu schweigen, die jeden Tag wechselnde Einsatzorte haben. Macht aber nix, die haben ja immer ein Firmenfahrzeug, immer&#8230;<\/p>\n<p><strong>Mal einige Links aus den letzten Jahren, ohne Wertung, nur zum Verst\u00e4ndnis und zur Information.\u00a0<\/strong><\/p>\n<p><a title=\"Pendler in NRW - RP-Online\" href=\"http:\/\/www.rp-online.de\/regionales\/regionale-nachrichten\/besonders-hart-trifft-es-die-vielen-pendler-1.2727210\" target=\"_blank\">Pendler in NRW<\/a> &#8211; RP Online, Februar 2012<\/p>\n<p><a title=\"http:\/\/www.zeit.de\/auto\/2011-04\/fahrrad-pendler\" href=\"http:\/\/www.zeit.de\/auto\/2011-04\/fahrrad-pendler\" target=\"_blank\">Fahrrad f\u00fcr den Arbeitsweg<\/a> &#8211; Zeit Online<\/p>\n<p><a title=\"http:\/\/www.handelsblatt.com\/politik\/konjunktur\/nachrichten\/arbeitsmarkt-jobsuche-flexibilitaet-fehlanzeige\/3229612.html\" href=\"http:\/\/www.handelsblatt.com\/politik\/konjunktur\/nachrichten\/arbeitsmarkt-jobsuche-flexibilitaet-fehlanzeige\/3229612.html\" target=\"_blank\">Keine Flexibilit\u00e4t bei Jobsuche<\/a> &#8211; Handelsblatt<\/p>\n<p><a title=\"http:\/\/www.wiwo.de\/finanzen\/geldanlage\/strompreiserhoehung-verbraucher-tragen-stromkosten-der-industrie\/6994170.html\" href=\"http:\/\/www.wiwo.de\/finanzen\/geldanlage\/strompreiserhoehung-verbraucher-tragen-stromkosten-der-industrie\/6994170.html\" target=\"_blank\">Verbraucher tragen Stromkosten der Industrie<\/a> &#8211; Wirtschaftswoche<\/p>\n<p><a title=\"http:\/\/www.iww.de\/aa\/aktuelle-gesetzgebung\/geringfuegige-beschaeftigung-aenderungen-bei-minijobs-von-dgb-und-cdu-gefordert-f58511\" href=\"http:\/\/www.iww.de\/aa\/aktuelle-gesetzgebung\/geringfuegige-beschaeftigung-aenderungen-bei-minijobs-von-dgb-und-cdu-gefordert-f58511\" target=\"_blank\">\u00c4nderungen bei Minijobs<\/a> &#8211; www.iww.de<\/p>\n<p><a title=\"http:\/\/www.spiegel.de\/wirtschaft\/soziales\/acht-millionen-beschaeftigte-in-deutschland-bekommen-einen-niedriglohn-a-821196.html\" href=\"http:\/\/www.spiegel.de\/wirtschaft\/soziales\/acht-millionen-beschaeftigte-in-deutschland-bekommen-einen-niedriglohn-a-821196.html\" target=\"_blank\">Jeder 4. nur Armutslohn<\/a> &#8211; Spiegel Online<\/p>\n<p><a title=\"http:\/\/www.sueddeutsche.de\/wirtschaft\/einkommen-in-deutschland-mittelschicht-erweist-sich-als-krisensicher-1.1451263\" href=\"http:\/\/www.sueddeutsche.de\/wirtschaft\/einkommen-in-deutschland-mittelschicht-erweist-sich-als-krisensicher-1.1451263\" target=\"_blank\">1600 Euro Netto im Monat<\/a> &#8211; S\u00fcddeutsche.de<\/p>\n<p><a title=\"http:\/\/www.sueddeutsche.de\/wirtschaft\/einkommen-in-deutschland-mittelschicht-erweist-sich-als-krisensicher-1.1451263\" href=\"http:\/\/www.sueddeutsche.de\/wirtschaft\/einkommen-in-deutschland-mittelschicht-erweist-sich-als-krisensicher-1.1451263\" target=\"_blank\">3127 Euro Brutto im Monat<\/a> &#8211; S\u00fcddeutsche.de<\/p>\n<p>Und ebenso wichtig: Von 400 Euro kann man nat\u00fcrlich leben, Fahrtkosten sind bei 400 Euro-Jobs bestimmt niedriger weil n\u00e4her am Wohnort, Durchschnittslohn in Deutschland 2500 Euro Brutto. Alles Aussagen, die man immer wieder h\u00f6rt und liest und die einem suggerieren sollen, wie gut es doch die Deutschen haben. Im Vergleich zu irgendwo vielleicht, ich lebe aber nicht in &#8218;Irgendwo&#8216;. Ich lebe im Land der <a title=\"http:\/\/www.focus.de\/politik\/weitere-meldungen\/hartz-iv-zahl-der-aufstocker-in-deutschland-steigt-weiter_aid_626776.html\" href=\"http:\/\/www.focus.de\/politik\/weitere-meldungen\/hartz-iv-zahl-der-aufstocker-in-deutschland-steigt-weiter_aid_626776.html\" target=\"_blank\">Aufstocker<\/a> und <a title=\"http:\/\/www.sueddeutsche.de\/wirtschaft\/neuer-armuts-und-reichtumsbericht-der-bundesregierung-reiche-trotz-finanzkrise-immer-reicher-1.1470673\" href=\"http:\/\/www.sueddeutsche.de\/wirtschaft\/neuer-armuts-und-reichtumsbericht-der-bundesregierung-reiche-trotz-finanzkrise-immer-reicher-1.1470673\" target=\"_blank\">Reichen<\/a>, in dem Land, in dem auch meine Beitr\u00e4ge und Ausgaben seit Jahrzehnten andere bereichert haben! Ich zahle meine Steuern in Deutschland und muss meinen Lebensstandard nicht auf Knien dankend mit dem der 3. Welt vergleichen lassen!<\/p>\n<p>Da lese ich auch gerade noch das Argument mit der Pendlerpauschale&#8230; Haben einige mal ausgerechnet, was ein &#8217;nicht gut Verdiener&#8216; mit 3 Kindern und Frau so an Lohnsteuer im Jahr bezahlt? Und dann mal nachgefragt, wie viel man wohl wiederbekommen kann? Na?<\/p>\n<p>Ich k\u00f6nnte noch ewig viel dazu schreiben, es kommt immer ein neuer Gedanke auf, jetzt lasse ich es mal gut sein.\u00a0Leider werden es die, die ich gerne ansprechen m\u00f6chte nicht lesen. Jedenfalls nicht hier&#8230;<\/p>\n<p>Deutschland mag kein schlechtes Land sein, noch nicht. Aber es gibt recht gro\u00dfe Anstrengungen einiger Personen und Gruppen, dies schnell zu \u00e4ndern.<\/p>\n<p>So, auch das musste raus!<\/p>\n<p>&nbsp;<\/p>\n<!-- relpost-thumb-wrapper --><div class=\"relpost-thumb-wrapper\"><!-- filter-class --><div class=\"relpost-thumb-container\"><style>.relpost-block-single-image, .relpost-post-image { margin-bottom: 10px; }<\/style><h3>Related posts:<\/h3><div style=\"clear: both\"><\/div><div style=\"clear: both\"><\/div><!-- relpost-block-container --><div class=\"relpost-block-container relpost-block-column-layout\" style=\"--relposth-columns: 4;--relposth-columns_t: 3; --relposth-columns_m: 2\"><a href=\"https:\/\/www.michael-floessel.de\/mfblog\/heute-kein-fortschritt-am-magirus\/\"class=\"relpost-block-single\" ><div class=\"relpost-custom-block-single\"><div class=\"relpost-block-single-image rpt-lazyload\" aria-hidden=\"true\" role=\"img\" data-bg=\"https:\/\/www.michael-floessel.de\/mfblog\/wp-content\/uploads\/2026\/04\/the-joker-pic-4-michael-floessel.de_.jpg\" style=\"background: transparent no-repeat scroll 0% 0%; width: 1000px; height: 288px; aspect-ratio: 16\/9;\"><\/div><div class=\"relpost-block-single-text\"  style=\"height: 75px;font-family: Arial;  font-size: 12px;  color: rgb(237,201,23);\"><h4 class=\"relpost_card_title\">Heute kein Fortschritt am Magirus<\/h4><\/div><\/div><\/a><a href=\"https:\/\/www.michael-floessel.de\/mfblog\/web-de-gmx-de\/\"class=\"relpost-block-single\" ><div class=\"relpost-custom-block-single\"><div class=\"relpost-block-single-image rpt-lazyload\" aria-hidden=\"true\" role=\"img\" data-bg=\"https:\/\/www.michael-floessel.de\/mfblog\/wp-content\/uploads\/2026\/04\/the-joker-pic-4-michael-floessel.de_.jpg\" style=\"background: transparent no-repeat scroll 0% 0%; width: 1000px; height: 288px; aspect-ratio: 16\/9;\"><\/div><div class=\"relpost-block-single-text\"  style=\"height: 75px;font-family: Arial;  font-size: 12px;  color: rgb(237,201,23);\"><h4 class=\"relpost_card_title\">Web.de, gmx.de<\/h4><\/div><\/div><\/a><a href=\"https:\/\/www.michael-floessel.de\/mfblog\/berechnung-des-stromverbrauchs-mal-zerlegt\/\"class=\"relpost-block-single\" ><div class=\"relpost-custom-block-single\"><div class=\"relpost-block-single-image rpt-lazyload\" aria-label=\"Beispielbild zu einem Artikel auf www.michael-floessel.de - Energiekosten PC\" role=\"img\" data-bg=\"https:\/\/www.michael-floessel.de\/mfblog\/wp-content\/uploads\/2012\/09\/energie_sample_pic.jpg\" style=\"background: transparent no-repeat scroll 0% 0%; width: 1000px; height: 288px; aspect-ratio: 16\/9;\"><\/div><div class=\"relpost-block-single-text\"  style=\"height: 75px;font-family: Arial;  font-size: 12px;  color: rgb(237,201,23);\"><h4 class=\"relpost_card_title\">Berechnung des Stromverbrauchs mal zerlegt<\/h4><\/div><\/div><\/a><a href=\"https:\/\/www.michael-floessel.de\/mfblog\/valve-gibt-startschuss-fur-steam-fur-linux-computerbase\/\"class=\"relpost-block-single\" ><div class=\"relpost-custom-block-single\"><div class=\"relpost-block-single-image rpt-lazyload\" aria-hidden=\"true\" role=\"img\" data-bg=\"https:\/\/www.michael-floessel.de\/mfblog\/wp-content\/uploads\/2026\/04\/the-joker-pic-4-michael-floessel.de_.jpg\" style=\"background: transparent no-repeat scroll 0% 0%; width: 1000px; height: 288px; aspect-ratio: 16\/9;\"><\/div><div class=\"relpost-block-single-text\"  style=\"height: 75px;font-family: Arial;  font-size: 12px;  color: rgb(237,201,23);\"><h4 class=\"relpost_card_title\">Valve gibt Startschuss f\u00fcr \u201eSteam f\u00fcr Linux\u201c - ComputerBase<\/h4><\/div><\/div><\/a><\/div><!-- close relpost-block-container --><div style=\"clear: both\"><\/div><\/div><!-- close filter class --><\/div><!-- close relpost-thumb-wrapper -->","protected":false},"excerpt":{"rendered":"<p>In der aktuellen Berichterstattung zur Stromverteuerung ist immer wieder zu lesen und h\u00f6ren, dass ein xx-K\u00f6pfiger Haushalt xx Euro an Mehrbelastung zu erwarten hat. Warum wird das nicht immer konkret mit den Kilowattstunden angegeben? Es gibt 4-Personen Haushalte, die mit &hellip; <a href=\"https:\/\/www.michael-floessel.de\/mfblog\/nochmal-mein-senf-zu-diskussionen-um-strom-benzin-und-die-mehrbelastung-im-alltag\/\">Weiterlesen <span class=\"meta-nav\">&rarr;<\/span><\/a><\/p>\n","protected":false},"author":2,"featured_media":0,"comment_status":"open","ping_status":"open","sticky":false,"template":"","format":"standard","meta":{"_monsterinsights_skip_tracking":false,"_monsterinsights_sitenote_active":false,"_monsterinsights_sitenote_note":"","_monsterinsights_sitenote_category":0,"footnotes":""},"categories":[3,156],"tags":[601,600,602,477,109,599],"class_list":["post-4275","post","type-post","status-publish","format-standard","hentry","category-alltag","category-nix-technisches-und-aus-dem-realen-leben","tag-erhohung","tag-lugen","tag-meine","tag-meinung","tag-strom","tag-wut"],"aioseo_notices":[],"_links":{"self":[{"href":"https:\/\/www.michael-floessel.de\/mfblog\/wp-json\/wp\/v2\/posts\/4275","targetHints":{"allow":["GET"]}}],"collection":[{"href":"https:\/\/www.michael-floessel.de\/mfblog\/wp-json\/wp\/v2\/posts"}],"about":[{"href":"https:\/\/www.michael-floessel.de\/mfblog\/wp-json\/wp\/v2\/types\/post"}],"author":[{"embeddable":true,"href":"https:\/\/www.michael-floessel.de\/mfblog\/wp-json\/wp\/v2\/users\/2"}],"replies":[{"embeddable":true,"href":"https:\/\/www.michael-floessel.de\/mfblog\/wp-json\/wp\/v2\/comments?post=4275"}],"version-history":[{"count":0,"href":"https:\/\/www.michael-floessel.de\/mfblog\/wp-json\/wp\/v2\/posts\/4275\/revisions"}],"wp:attachment":[{"href":"https:\/\/www.michael-floessel.de\/mfblog\/wp-json\/wp\/v2\/media?parent=4275"}],"wp:term":[{"taxonomy":"category","embeddable":true,"href":"https:\/\/www.michael-floessel.de\/mfblog\/wp-json\/wp\/v2\/categories?post=4275"},{"taxonomy":"post_tag","embeddable":true,"href":"https:\/\/www.michael-floessel.de\/mfblog\/wp-json\/wp\/v2\/tags?post=4275"}],"curies":[{"name":"wp","href":"https:\/\/api.w.org\/{rel}","templated":true}]}}