{"id":4447,"date":"2012-10-16T18:08:56","date_gmt":"2012-10-16T16:08:56","guid":{"rendered":"http:\/\/www.michael-floessel.de\/mfblog\/?p=4447"},"modified":"2013-11-01T17:51:47","modified_gmt":"2013-11-01T16:51:47","slug":"eeg-umlage-merkel-stellt-ausnahmen-fur-unternehmen-infrage-tagesschau-de","status":"publish","type":"post","link":"https:\/\/www.michael-floessel.de\/mfblog\/eeg-umlage-merkel-stellt-ausnahmen-fur-unternehmen-infrage-tagesschau-de\/","title":{"rendered":"EEG-Umlage: Merkel stellt Ausnahmen f\u00fcr Unternehmen infrage | tagesschau.de"},"content":{"rendered":"<p>Dann mal abwarten, ob wieder alle nur quasseln oder sich was tut. Immerhin scheinen ja einige begriffen zu haben, dass es so nicht weitergehen kann. Aber wenn man sich so manche Kommentare aus der Bev\u00f6lkerung anh\u00f6rt, gibt&#8217;s immer noch genug Leute, die Beifall klatschen wenn sie \u00fcber den Tisch gezogen werden. Nicht zu fassen!<\/p>\n<p>EEG-Umlage: Merkel stellt Ausnahmen f\u00fcr Unternehmen infrage | tagesschau.de.<\/p>\n<!-- relpost-thumb-wrapper --><div class=\"relpost-thumb-wrapper\"><!-- filter-class --><div class=\"relpost-thumb-container\"><h3>Related posts:<\/h3><div style=\"clear: both\"><\/div><div style=\"clear: both\"><\/div><!-- relpost-block-container --><div class=\"relpost-block-container relpost-block-column-layout\" style=\"--relposth-columns: 4;--relposth-columns_t: 3; --relposth-columns_m: 2\"><a href=\"https:\/\/www.michael-floessel.de\/mfblog\/schuko-steckdose-und-usb-ladestation-in-einem-gadget-tecchannel-de\/\"class=\"relpost-block-single\" ><div class=\"relpost-custom-block-single\"><div class=\"relpost-block-single-image rpt-lazyload\" aria-hidden=\"true\" role=\"img\" data-bg=\"https:\/\/www.michael-floessel.de\/mfblog\/wp-content\/uploads\/2026\/04\/the-joker-pic-4-michael-floessel.de_.jpg\" style=\"background: transparent no-repeat scroll 0% 0%; width: 1000px; height: 288px; aspect-ratio: 16\/9;\"><\/div><div class=\"relpost-block-single-text\"  style=\"height: 75px;font-family: Arial;  font-size: 12px;  color: rgb(237,201,23);\"><h4 class=\"relpost_card_title\">SCHUKO - Steckdose und USB-Ladestation in einem - Gadget | TecChannel.de<\/h4><\/div><\/div><\/a><a href=\"https:\/\/www.michael-floessel.de\/mfblog\/elektor-elektronik-news-neu-raspberry-pi-2-mit-quadcore-und-1-gb-ram-elektor\/\"class=\"relpost-block-single\" ><div class=\"relpost-custom-block-single\"><div class=\"relpost-block-single-image rpt-lazyload\" aria-label=\"wallpaper_artikel_symbolbild\" role=\"img\" data-bg=\"https:\/\/www.michael-floessel.de\/mfblog\/wp-content\/uploads\/2012\/09\/wallpaper_artikel_symbolbild.jpg\" style=\"background: transparent no-repeat scroll 0% 0%; width: 1000px; height: 288px; aspect-ratio: 16\/9;\"><\/div><div class=\"relpost-block-single-text\"  style=\"height: 75px;font-family: Arial;  font-size: 12px;  color: rgb(237,201,23);\"><h4 class=\"relpost_card_title\">Elektor Elektronik-News - NEU: Raspberry Pi 2 mit Quadcore und 1 GB RAM Elektor<\/h4><\/div><\/div><\/a><a href=\"https:\/\/www.michael-floessel.de\/mfblog\/windows-7-8-und-xp-vom-langsamen-auf-das-schnellere-netzwerk-umschalten-tipps-tricks-kniffe\/\"class=\"relpost-block-single\" ><div class=\"relpost-custom-block-single\"><div class=\"relpost-block-single-image rpt-lazyload\" aria-hidden=\"true\" role=\"img\" data-bg=\"https:\/\/www.michael-floessel.de\/mfblog\/wp-content\/uploads\/2026\/04\/the-joker-pic-4-michael-floessel.de_.jpg\" style=\"background: transparent no-repeat scroll 0% 0%; width: 1000px; height: 288px; aspect-ratio: 16\/9;\"><\/div><div class=\"relpost-block-single-text\"  style=\"height: 75px;font-family: Arial;  font-size: 12px;  color: rgb(237,201,23);\"><h4 class=\"relpost_card_title\">Windows 7, 8 und XP: Vom langsamen auf das schnellere Netzwerk umschalten | Tipps, Tricks &amp; Knif...<\/h4><\/div><\/div><\/a><a href=\"https:\/\/www.michael-floessel.de\/mfblog\/kleine-bienenrettung\/\"class=\"relpost-block-single\" ><div class=\"relpost-custom-block-single\"><div class=\"relpost-block-single-image rpt-lazyload\" aria-hidden=\"true\" role=\"img\" data-bg=\"https:\/\/www.michael-floessel.de\/mfblog\/wp-content\/uploads\/2018\/06\/bienenrettung-1000x288.jpg\" style=\"background: transparent no-repeat scroll 0% 0%; width: 1000px; height: 288px; aspect-ratio: 16\/9;\"><\/div><div class=\"relpost-block-single-text\"  style=\"height: 75px;font-family: Arial;  font-size: 12px;  color: rgb(237,201,23);\"><h4 class=\"relpost_card_title\">Kleine Bienenrettung<\/h4><\/div><\/div><\/a><\/div><!-- close relpost-block-container --><div style=\"clear: both\"><\/div><\/div><!-- close filter class --><\/div><!-- close relpost-thumb-wrapper -->","protected":false},"excerpt":{"rendered":"<p>Dann mal abwarten, ob wieder alle nur quasseln oder sich was tut. Immerhin scheinen ja einige begriffen zu haben, dass es so nicht weitergehen kann. Aber wenn man sich so manche Kommentare aus der Bev\u00f6lkerung anh\u00f6rt, gibt&#8217;s immer noch genug &hellip; <a href=\"https:\/\/www.michael-floessel.de\/mfblog\/eeg-umlage-merkel-stellt-ausnahmen-fur-unternehmen-infrage-tagesschau-de\/\">Weiterlesen <span class=\"meta-nav\">&rarr;<\/span><\/a><\/p>\n","protected":false},"author":2,"featured_media":0,"comment_status":"open","ping_status":"open","sticky":false,"template":"","format":"standard","meta":{"_monsterinsights_skip_tracking":false,"footnotes":""},"categories":[3,7,156],"tags":[],"class_list":["post-4447","post","type-post","status-publish","format-standard","hentry","category-alltag","category-links","category-nix-technisches-und-aus-dem-realen-leben"],"aioseo_notices":[],"aioseo_head":"\n\t\t<!-- All in One SEO 5.0.1.1 - aioseo.com -->\n\t<meta name=\"description\" content=\"Dann mal abwarten, ob wieder alle nur quasseln oder sich was tut. Immerhin scheinen ja einige begriffen zu haben, dass es so nicht weitergehen kann. Aber wenn man sich so manche Kommentare aus der Bev\u00f6lkerung anh\u00f6rt, gibt&#039;s immer noch genug Leute, die Beifall klatschen wenn sie \u00fcber den Tisch gezogen werden. Nicht zu fassen! EEG-Umlage:\" \/>\n\t<meta name=\"robots\" content=\"max-image-preview:large\" \/>\n\t<meta name=\"author\" content=\"Michael F.\"\/>\n\t<link rel=\"canonical\" href=\"https:\/\/www.michael-floessel.de\/mfblog\/eeg-umlage-merkel-stellt-ausnahmen-fur-unternehmen-infrage-tagesschau-de\/\" \/>\n\t<meta name=\"generator\" content=\"All in One SEO (AIOSEO) 5.0.1.1\" \/>\n\t\t<meta property=\"og:locale\" content=\"de_DE\" \/>\n\t\t<meta property=\"og:site_name\" content=\"Michael-Floessel.de - Blog - Hobby, Elektronik und Alltag\" \/>\n\t\t<meta property=\"og:type\" content=\"article\" \/>\n\t\t<meta property=\"og:title\" content=\"EEG-Umlage: Merkel stellt Ausnahmen f\u00fcr Unternehmen infrage | tagesschau.de - Michael-Floessel.de - Blog\" \/>\n\t\t<meta property=\"og:description\" content=\"Dann mal abwarten, ob wieder alle nur quasseln oder sich was tut. Immerhin scheinen ja einige begriffen zu haben, dass es so nicht weitergehen kann. Aber wenn man sich so manche Kommentare aus der Bev\u00f6lkerung anh\u00f6rt, gibt&#039;s immer noch genug Leute, die Beifall klatschen wenn sie \u00fcber den Tisch gezogen werden. Nicht zu fassen! EEG-Umlage:\" \/>\n\t\t<meta property=\"og:url\" content=\"https:\/\/www.michael-floessel.de\/mfblog\/eeg-umlage-merkel-stellt-ausnahmen-fur-unternehmen-infrage-tagesschau-de\/\" \/>\n\t\t<meta property=\"article:published_time\" content=\"2012-10-16T16:08:56+00:00\" \/>\n\t\t<meta property=\"article:modified_time\" content=\"2013-11-01T16:51:47+00:00\" \/>\n\t\t<meta property=\"article:publisher\" content=\"https:\/\/www.facebook.com\/michael.floessel.5\/\" \/>\n\t\t<meta name=\"twitter:card\" content=\"summary\" \/>\n\t\t<meta name=\"twitter:site\" content=\"@Der_M_mit_F\" \/>\n\t\t<meta name=\"twitter:title\" content=\"EEG-Umlage: Merkel stellt Ausnahmen f\u00fcr Unternehmen infrage | tagesschau.de - Michael-Floessel.de - Blog\" \/>\n\t\t<meta name=\"twitter:description\" content=\"Dann mal abwarten, ob wieder alle nur quasseln oder sich was tut. Immerhin scheinen ja einige begriffen zu haben, dass es so nicht weitergehen kann. Aber wenn man sich so manche Kommentare aus der Bev\u00f6lkerung anh\u00f6rt, gibt&#039;s immer noch genug Leute, die Beifall klatschen wenn sie \u00fcber den Tisch gezogen werden. Nicht zu fassen! EEG-Umlage:\" \/>\n\t\t<script type=\"application\/ld+json\" class=\"aioseo-schema\">\n\t\t\t{\"@context\":\"https:\\\/\\\/schema.org\",\"@graph\":[{\"@type\":\"BlogPosting\",\"@id\":\"https:\\\/\\\/www.michael-floessel.de\\\/mfblog\\\/eeg-umlage-merkel-stellt-ausnahmen-fur-unternehmen-infrage-tagesschau-de\\\/#blogposting\",\"name\":\"EEG-Umlage: Merkel stellt Ausnahmen f\\u00fcr Unternehmen infrage | tagesschau.de - Michael-Floessel.de - Blog\",\"headline\":\"EEG-Umlage: Merkel stellt Ausnahmen f\\u00fcr Unternehmen infrage | tagesschau.de\",\"author\":{\"@id\":\"https:\\\/\\\/www.michael-floessel.de\\\/mfblog\\\/author\\\/michael-f\\\/#author\"},\"publisher\":{\"@id\":\"https:\\\/\\\/www.michael-floessel.de\\\/mfblog\\\/#person\"},\"datePublished\":\"2012-10-16T18:08:56+02:00\",\"dateModified\":\"2013-11-01T17:51:47+01:00\",\"inLanguage\":\"de-DE\",\"mainEntityOfPage\":{\"@id\":\"https:\\\/\\\/www.michael-floessel.de\\\/mfblog\\\/eeg-umlage-merkel-stellt-ausnahmen-fur-unternehmen-infrage-tagesschau-de\\\/#webpage\"},\"isPartOf\":{\"@id\":\"https:\\\/\\\/www.michael-floessel.de\\\/mfblog\\\/eeg-umlage-merkel-stellt-ausnahmen-fur-unternehmen-infrage-tagesschau-de\\\/#webpage\"},\"articleSection\":\"Alltag, Links, Off Topic &amp; Reallife\"},{\"@type\":\"BreadcrumbList\",\"@id\":\"https:\\\/\\\/www.michael-floessel.de\\\/mfblog\\\/eeg-umlage-merkel-stellt-ausnahmen-fur-unternehmen-infrage-tagesschau-de\\\/#breadcrumblist\",\"itemListElement\":[{\"@type\":\"ListItem\",\"@id\":\"https:\\\/\\\/www.michael-floessel.de\\\/mfblog#listItem\",\"position\":1,\"name\":\"Home\",\"item\":\"https:\\\/\\\/www.michael-floessel.de\\\/mfblog\",\"nextItem\":{\"@type\":\"ListItem\",\"@id\":\"https:\\\/\\\/www.michael-floessel.de\\\/mfblog\\\/category\\\/alltag\\\/#listItem\",\"name\":\"Alltag\"}},{\"@type\":\"ListItem\",\"@id\":\"https:\\\/\\\/www.michael-floessel.de\\\/mfblog\\\/category\\\/alltag\\\/#listItem\",\"position\":2,\"name\":\"Alltag\",\"item\":\"https:\\\/\\\/www.michael-floessel.de\\\/mfblog\\\/category\\\/alltag\\\/\",\"nextItem\":{\"@type\":\"ListItem\",\"@id\":\"https:\\\/\\\/www.michael-floessel.de\\\/mfblog\\\/eeg-umlage-merkel-stellt-ausnahmen-fur-unternehmen-infrage-tagesschau-de\\\/#listItem\",\"name\":\"EEG-Umlage: Merkel stellt Ausnahmen f\\u00fcr Unternehmen infrage | tagesschau.de\"},\"previousItem\":{\"@type\":\"ListItem\",\"@id\":\"https:\\\/\\\/www.michael-floessel.de\\\/mfblog#listItem\",\"name\":\"Home\"}},{\"@type\":\"ListItem\",\"@id\":\"https:\\\/\\\/www.michael-floessel.de\\\/mfblog\\\/eeg-umlage-merkel-stellt-ausnahmen-fur-unternehmen-infrage-tagesschau-de\\\/#listItem\",\"position\":3,\"name\":\"EEG-Umlage: Merkel stellt Ausnahmen f\\u00fcr Unternehmen infrage | tagesschau.de\",\"previousItem\":{\"@type\":\"ListItem\",\"@id\":\"https:\\\/\\\/www.michael-floessel.de\\\/mfblog\\\/category\\\/alltag\\\/#listItem\",\"name\":\"Alltag\"}}]},{\"@type\":\"Person\",\"@id\":\"https:\\\/\\\/www.michael-floessel.de\\\/mfblog\\\/#person\",\"name\":\"Michael F.\"},{\"@type\":\"Person\",\"@id\":\"https:\\\/\\\/www.michael-floessel.de\\\/mfblog\\\/author\\\/michael-f\\\/#author\",\"url\":\"https:\\\/\\\/www.michael-floessel.de\\\/mfblog\\\/author\\\/michael-f\\\/\",\"name\":\"Michael F.\"},{\"@type\":\"WebPage\",\"@id\":\"https:\\\/\\\/www.michael-floessel.de\\\/mfblog\\\/eeg-umlage-merkel-stellt-ausnahmen-fur-unternehmen-infrage-tagesschau-de\\\/#webpage\",\"url\":\"https:\\\/\\\/www.michael-floessel.de\\\/mfblog\\\/eeg-umlage-merkel-stellt-ausnahmen-fur-unternehmen-infrage-tagesschau-de\\\/\",\"name\":\"EEG-Umlage: Merkel stellt Ausnahmen f\\u00fcr Unternehmen infrage | tagesschau.de - Michael-Floessel.de - Blog\",\"description\":\"Dann mal abwarten, ob wieder alle nur quasseln oder sich was tut. Immerhin scheinen ja einige begriffen zu haben, dass es so nicht weitergehen kann. Aber wenn man sich so manche Kommentare aus der Bev\\u00f6lkerung anh\\u00f6rt, gibt's immer noch genug Leute, die Beifall klatschen wenn sie \\u00fcber den Tisch gezogen werden. Nicht zu fassen! EEG-Umlage:\",\"inLanguage\":\"de-DE\",\"isPartOf\":{\"@id\":\"https:\\\/\\\/www.michael-floessel.de\\\/mfblog\\\/#website\"},\"breadcrumb\":{\"@id\":\"https:\\\/\\\/www.michael-floessel.de\\\/mfblog\\\/eeg-umlage-merkel-stellt-ausnahmen-fur-unternehmen-infrage-tagesschau-de\\\/#breadcrumblist\"},\"author\":{\"@id\":\"https:\\\/\\\/www.michael-floessel.de\\\/mfblog\\\/author\\\/michael-f\\\/#author\"},\"creator\":{\"@id\":\"https:\\\/\\\/www.michael-floessel.de\\\/mfblog\\\/author\\\/michael-f\\\/#author\"},\"datePublished\":\"2012-10-16T18:08:56+02:00\",\"dateModified\":\"2013-11-01T17:51:47+01:00\"},{\"@type\":\"WebSite\",\"@id\":\"https:\\\/\\\/www.michael-floessel.de\\\/mfblog\\\/#website\",\"url\":\"https:\\\/\\\/www.michael-floessel.de\\\/mfblog\\\/\",\"name\":\"Michael-Floessel.de - Blog\",\"description\":\"Hobby, Elektronik und Alltag\",\"inLanguage\":\"de-DE\",\"publisher\":{\"@id\":\"https:\\\/\\\/www.michael-floessel.de\\\/mfblog\\\/#person\"}}]}\n\t\t<\/script>\n\t\t<!-- All in One SEO -->\n\n","aioseo_head_json":{"title":"EEG-Umlage: Merkel stellt Ausnahmen f\u00fcr Unternehmen infrage | tagesschau.de - Michael-Floessel.de - Blog","description":"Dann mal abwarten, ob wieder alle nur quasseln oder sich was tut. Immerhin scheinen ja einige begriffen zu haben, dass es so nicht weitergehen kann. Aber wenn man sich so manche Kommentare aus der Bev\u00f6lkerung anh\u00f6rt, gibt's immer noch genug Leute, die Beifall klatschen wenn sie \u00fcber den Tisch gezogen werden. Nicht zu fassen! EEG-Umlage:","canonical_url":"https:\/\/www.michael-floessel.de\/mfblog\/eeg-umlage-merkel-stellt-ausnahmen-fur-unternehmen-infrage-tagesschau-de\/","robots":"max-image-preview:large","keywords":"","webmasterTools":{"miscellaneous":""},"schema":{"@context":"https:\/\/schema.org","@graph":[{"@type":"BlogPosting","@id":"https:\/\/www.michael-floessel.de\/mfblog\/eeg-umlage-merkel-stellt-ausnahmen-fur-unternehmen-infrage-tagesschau-de\/#blogposting","name":"EEG-Umlage: Merkel stellt Ausnahmen f\u00fcr Unternehmen infrage | tagesschau.de - Michael-Floessel.de - Blog","headline":"EEG-Umlage: Merkel stellt Ausnahmen f\u00fcr Unternehmen infrage | tagesschau.de","author":{"@id":"https:\/\/www.michael-floessel.de\/mfblog\/author\/michael-f\/#author"},"publisher":{"@id":"https:\/\/www.michael-floessel.de\/mfblog\/#person"},"datePublished":"2012-10-16T18:08:56+02:00","dateModified":"2013-11-01T17:51:47+01:00","inLanguage":"de-DE","mainEntityOfPage":{"@id":"https:\/\/www.michael-floessel.de\/mfblog\/eeg-umlage-merkel-stellt-ausnahmen-fur-unternehmen-infrage-tagesschau-de\/#webpage"},"isPartOf":{"@id":"https:\/\/www.michael-floessel.de\/mfblog\/eeg-umlage-merkel-stellt-ausnahmen-fur-unternehmen-infrage-tagesschau-de\/#webpage"},"articleSection":"Alltag, Links, Off Topic &amp; Reallife"},{"@type":"BreadcrumbList","@id":"https:\/\/www.michael-floessel.de\/mfblog\/eeg-umlage-merkel-stellt-ausnahmen-fur-unternehmen-infrage-tagesschau-de\/#breadcrumblist","itemListElement":[{"@type":"ListItem","@id":"https:\/\/www.michael-floessel.de\/mfblog#listItem","position":1,"name":"Home","item":"https:\/\/www.michael-floessel.de\/mfblog","nextItem":{"@type":"ListItem","@id":"https:\/\/www.michael-floessel.de\/mfblog\/category\/alltag\/#listItem","name":"Alltag"}},{"@type":"ListItem","@id":"https:\/\/www.michael-floessel.de\/mfblog\/category\/alltag\/#listItem","position":2,"name":"Alltag","item":"https:\/\/www.michael-floessel.de\/mfblog\/category\/alltag\/","nextItem":{"@type":"ListItem","@id":"https:\/\/www.michael-floessel.de\/mfblog\/eeg-umlage-merkel-stellt-ausnahmen-fur-unternehmen-infrage-tagesschau-de\/#listItem","name":"EEG-Umlage: Merkel stellt Ausnahmen f\u00fcr Unternehmen infrage | tagesschau.de"},"previousItem":{"@type":"ListItem","@id":"https:\/\/www.michael-floessel.de\/mfblog#listItem","name":"Home"}},{"@type":"ListItem","@id":"https:\/\/www.michael-floessel.de\/mfblog\/eeg-umlage-merkel-stellt-ausnahmen-fur-unternehmen-infrage-tagesschau-de\/#listItem","position":3,"name":"EEG-Umlage: Merkel stellt Ausnahmen f\u00fcr Unternehmen infrage | tagesschau.de","previousItem":{"@type":"ListItem","@id":"https:\/\/www.michael-floessel.de\/mfblog\/category\/alltag\/#listItem","name":"Alltag"}}]},{"@type":"Person","@id":"https:\/\/www.michael-floessel.de\/mfblog\/#person","name":"Michael F."},{"@type":"Person","@id":"https:\/\/www.michael-floessel.de\/mfblog\/author\/michael-f\/#author","url":"https:\/\/www.michael-floessel.de\/mfblog\/author\/michael-f\/","name":"Michael F."},{"@type":"WebPage","@id":"https:\/\/www.michael-floessel.de\/mfblog\/eeg-umlage-merkel-stellt-ausnahmen-fur-unternehmen-infrage-tagesschau-de\/#webpage","url":"https:\/\/www.michael-floessel.de\/mfblog\/eeg-umlage-merkel-stellt-ausnahmen-fur-unternehmen-infrage-tagesschau-de\/","name":"EEG-Umlage: Merkel stellt Ausnahmen f\u00fcr Unternehmen infrage | tagesschau.de - Michael-Floessel.de - Blog","description":"Dann mal abwarten, ob wieder alle nur quasseln oder sich was tut. Immerhin scheinen ja einige begriffen zu haben, dass es so nicht weitergehen kann. Aber wenn man sich so manche Kommentare aus der Bev\u00f6lkerung anh\u00f6rt, gibt's immer noch genug Leute, die Beifall klatschen wenn sie \u00fcber den Tisch gezogen werden. Nicht zu fassen! EEG-Umlage:","inLanguage":"de-DE","isPartOf":{"@id":"https:\/\/www.michael-floessel.de\/mfblog\/#website"},"breadcrumb":{"@id":"https:\/\/www.michael-floessel.de\/mfblog\/eeg-umlage-merkel-stellt-ausnahmen-fur-unternehmen-infrage-tagesschau-de\/#breadcrumblist"},"author":{"@id":"https:\/\/www.michael-floessel.de\/mfblog\/author\/michael-f\/#author"},"creator":{"@id":"https:\/\/www.michael-floessel.de\/mfblog\/author\/michael-f\/#author"},"datePublished":"2012-10-16T18:08:56+02:00","dateModified":"2013-11-01T17:51:47+01:00"},{"@type":"WebSite","@id":"https:\/\/www.michael-floessel.de\/mfblog\/#website","url":"https:\/\/www.michael-floessel.de\/mfblog\/","name":"Michael-Floessel.de - Blog","description":"Hobby, Elektronik und Alltag","inLanguage":"de-DE","publisher":{"@id":"https:\/\/www.michael-floessel.de\/mfblog\/#person"}}]},"og:locale":"de_DE","og:site_name":"Michael-Floessel.de - Blog - Hobby, Elektronik und Alltag","og:type":"article","og:title":"EEG-Umlage: Merkel stellt Ausnahmen f\u00fcr Unternehmen infrage | tagesschau.de - Michael-Floessel.de - Blog","og:description":"Dann mal abwarten, ob wieder alle nur quasseln oder sich was tut. Immerhin scheinen ja einige begriffen zu haben, dass es so nicht weitergehen kann. Aber wenn man sich so manche Kommentare aus der Bev\u00f6lkerung anh\u00f6rt, gibt's immer noch genug Leute, die Beifall klatschen wenn sie \u00fcber den Tisch gezogen werden. Nicht zu fassen! EEG-Umlage:","og:url":"https:\/\/www.michael-floessel.de\/mfblog\/eeg-umlage-merkel-stellt-ausnahmen-fur-unternehmen-infrage-tagesschau-de\/","article:published_time":"2012-10-16T16:08:56+00:00","article:modified_time":"2013-11-01T16:51:47+00:00","article:publisher":"https:\/\/www.facebook.com\/michael.floessel.5\/","twitter:card":"summary","twitter:site":"@Der_M_mit_F","twitter:title":"EEG-Umlage: Merkel stellt Ausnahmen f\u00fcr Unternehmen infrage | tagesschau.de - Michael-Floessel.de - Blog","twitter:description":"Dann mal abwarten, ob wieder alle nur quasseln oder sich was tut. Immerhin scheinen ja einige begriffen zu haben, dass es so nicht weitergehen kann. Aber wenn man sich so manche Kommentare aus der Bev\u00f6lkerung anh\u00f6rt, gibt's immer noch genug Leute, die Beifall klatschen wenn sie \u00fcber den Tisch gezogen werden. Nicht zu fassen! EEG-Umlage:"},"aioseo_meta_data":{"post_id":"4447","title":null,"description":null,"keywords":null,"keyphrases":null,"primary_term":null,"canonical_url":null,"og_title":null,"og_description":null,"og_object_type":"default","og_image_type":"default","og_image_url":null,"og_image_width":null,"og_image_height":null,"og_image_custom_url":null,"og_image_custom_fields":null,"og_video":null,"og_custom_url":null,"og_article_section":null,"og_article_tags":null,"twitter_use_og":false,"twitter_card":"default","twitter_image_type":"default","twitter_image_url":null,"twitter_image_custom_url":null,"twitter_image_custom_fields":null,"twitter_title":null,"twitter_description":null,"schema":{"blockGraphs":[],"customGraphs":[],"default":{"data":{"Article":[],"Course":[],"Dataset":[],"FAQPage":[],"Movie":[],"Person":[],"Product":[],"ProductReview":[],"Car":[],"Recipe":[],"Service":[],"SoftwareApplication":[],"WebPage":[]},"graphName":"","isEnabled":true},"graphs":[],"defaultGraph":"","defaultPostTypeGraph":""},"schema_type":"default","schema_type_options":null,"pillar_content":false,"robots_default":true,"robots_noindex":false,"robots_noarchive":false,"robots_nosnippet":false,"robots_nofollow":false,"robots_noimageindex":false,"robots_noodp":false,"robots_notranslate":false,"robots_max_snippet":null,"robots_max_videopreview":null,"robots_max_imagepreview":"large","priority":null,"frequency":null,"local_seo":null,"breadcrumb_settings":null,"limit_modified_date":false,"ai":null,"created":"2022-06-18 08:19:28","updated":"2025-06-04 07:03:49","seo_analyzer_scan_date":null,"focus_keyword":null,"additional_keywords":null,"truseo_locale":null},"aioseo_breadcrumb":"<div class=\"aioseo-breadcrumbs\"><span class=\"aioseo-breadcrumb\">\n\t\t\t<a href=\"https:\/\/www.michael-floessel.de\/mfblog\" title=\"Home\">Home<\/a>\n\t\t<\/span><span class=\"aioseo-breadcrumb-separator\">&raquo;<\/span><span class=\"aioseo-breadcrumb\">\n\t\t\t<a href=\"https:\/\/www.michael-floessel.de\/mfblog\/category\/alltag\/\" title=\"Alltag\">Alltag<\/a>\n\t\t<\/span><span class=\"aioseo-breadcrumb-separator\">&raquo;<\/span><span class=\"aioseo-breadcrumb\">\n\t\t\tEEG-Umlage: Merkel stellt Ausnahmen f\u00fcr Unternehmen infrage | tagesschau.de\n\t\t<\/span><\/div>","aioseo_breadcrumb_json":[{"label":"Home","link":"https:\/\/www.michael-floessel.de\/mfblog"},{"label":"Alltag","link":"https:\/\/www.michael-floessel.de\/mfblog\/category\/alltag\/"},{"label":"EEG-Umlage: Merkel stellt Ausnahmen f\u00fcr Unternehmen infrage | tagesschau.de","link":"https:\/\/www.michael-floessel.de\/mfblog\/eeg-umlage-merkel-stellt-ausnahmen-fur-unternehmen-infrage-tagesschau-de\/"}],"_links":{"self":[{"href":"https:\/\/www.michael-floessel.de\/mfblog\/wp-json\/wp\/v2\/posts\/4447","targetHints":{"allow":["GET"]}}],"collection":[{"href":"https:\/\/www.michael-floessel.de\/mfblog\/wp-json\/wp\/v2\/posts"}],"about":[{"href":"https:\/\/www.michael-floessel.de\/mfblog\/wp-json\/wp\/v2\/types\/post"}],"author":[{"embeddable":true,"href":"https:\/\/www.michael-floessel.de\/mfblog\/wp-json\/wp\/v2\/users\/2"}],"replies":[{"embeddable":true,"href":"https:\/\/www.michael-floessel.de\/mfblog\/wp-json\/wp\/v2\/comments?post=4447"}],"version-history":[{"count":0,"href":"https:\/\/www.michael-floessel.de\/mfblog\/wp-json\/wp\/v2\/posts\/4447\/revisions"}],"wp:attachment":[{"href":"https:\/\/www.michael-floessel.de\/mfblog\/wp-json\/wp\/v2\/media?parent=4447"}],"wp:term":[{"taxonomy":"category","embeddable":true,"href":"https:\/\/www.michael-floessel.de\/mfblog\/wp-json\/wp\/v2\/categories?post=4447"},{"taxonomy":"post_tag","embeddable":true,"href":"https:\/\/www.michael-floessel.de\/mfblog\/wp-json\/wp\/v2\/tags?post=4447"}],"curies":[{"name":"wp","href":"https:\/\/api.w.org\/{rel}","templated":true}]}}