{"id":6670,"date":"2012-12-20T23:43:22","date_gmt":"2012-12-20T22:43:22","guid":{"rendered":"http:\/\/www.michael-floessel.de\/mfblog\/?p=6670"},"modified":"2012-12-20T23:43:22","modified_gmt":"2012-12-20T22:43:22","slug":"personliches-das-erste-auto","status":"publish","type":"post","link":"https:\/\/www.michael-floessel.de\/mfblog\/personliches-das-erste-auto\/","title":{"rendered":"Pers\u00f6nliches, das erste Auto&#8230;"},"content":{"rendered":"<p><a href=\"http:\/\/www.michael-floessel.de\/mfblog\/wp-content\/uploads\/2012\/12\/BMW318.jpg\"><img loading=\"lazy\" decoding=\"async\" class=\"alignleft size-medium wp-image-6671\" alt=\"BMW 318\" src=\"http:\/\/www.michael-floessel.de\/mfblog\/wp-content\/uploads\/2012\/12\/BMW318-283x300.jpg\" width=\"283\" height=\"300\" srcset=\"https:\/\/www.michael-floessel.de\/mfblog\/wp-content\/uploads\/2012\/12\/BMW318-283x300.jpg 283w, https:\/\/www.michael-floessel.de\/mfblog\/wp-content\/uploads\/2012\/12\/BMW318.jpg 600w\" sizes=\"auto, (max-width: 283px) 100vw, 283px\" \/><\/a>O.K., eher was sentimentales und pers\u00f6nliches, hab&#8216; ich zuf\u00e4llig wiedergefunden. Das Foto, nicht das Fahrzeug&#8230;<\/p>\n<p>Mein erstes eigenes Auto, muss im Februar 1988 gewesen sein, ich glaube er war Bj. 1974 oder so.<\/p>\n<p>Hat nur 2 Monate gedauert, da hatte ich einen Audi 100 im Motorraum sitzen und das war&#8217;s erst mal mit dem eigenem Auto. Den n\u00e4chsten T\u00dcV h\u00e4tte der Wagen aber wahrscheinlich ohnehin nicht \u00fcberstanden <img src=\"https:\/\/www.michael-floessel.de\/mfblog\/wp-content\/plugins\/classic-smilies\/img\/icon_wink.gif\" alt=\";-)\" class=\"wp-smiley\" style=\"height: 1em; max-height: 1em;\" \/> Ich kann mich auch noch gut daran erinnern, dass 18 Liter Sprit auf 100 km \u00fcberhaupt kein Problem waren, einfach mal durch Gas geben <img src=\"https:\/\/www.michael-floessel.de\/mfblog\/wp-content\/plugins\/classic-smilies\/img\/icon_eek.gif\" alt=\":shock:\" class=\"wp-smiley\" style=\"height: 1em; max-height: 1em;\" \/> Allerdings waren die Benzinpreise &#8217;88 auch noch ertr\u00e4glicher.<\/p>\n<p>Musste ich jetzt einfach im Blog archivieren <img src=\"https:\/\/www.michael-floessel.de\/mfblog\/wp-content\/plugins\/classic-smilies\/img\/icon_smile.gif\" alt=\":-)\" class=\"wp-smiley\" style=\"height: 1em; max-height: 1em;\" \/><\/p>\n<p>&nbsp;<\/p>\n<!-- relpost-thumb-wrapper --><div class=\"relpost-thumb-wrapper\"><!-- filter-class --><div class=\"relpost-thumb-container\"><style>.relpost-block-single-image, .relpost-post-image { margin-bottom: 10px; }<\/style><h3>Related posts:<\/h3><div style=\"clear: both\"><\/div><div style=\"clear: both\"><\/div><!-- relpost-block-container --><div class=\"relpost-block-container relpost-block-column-layout\" style=\"--relposth-columns: 4;--relposth-columns_t: 3; --relposth-columns_m: 2\"><a href=\"https:\/\/www.michael-floessel.de\/mfblog\/1-advent-2\/\"class=\"relpost-block-single\" ><div class=\"relpost-custom-block-single\"><div class=\"relpost-block-single-image rpt-lazyload\" aria-hidden=\"true\" role=\"img\" data-bg=\"https:\/\/www.michael-floessel.de\/mfblog\/wp-content\/uploads\/2013\/12\/1.Advent_2013-1000x288.jpg\" style=\"background: transparent no-repeat scroll 0% 0%; width: 1000px; height: 288px; aspect-ratio: 16\/9;\"><\/div><div class=\"relpost-block-single-text\"  style=\"height: 75px;font-family: Arial;  font-size: 12px;  color: rgb(237,201,23);\"><h4 class=\"relpost_card_title\">1. Advent<\/h4><\/div><\/div><\/a><a href=\"https:\/\/www.michael-floessel.de\/mfblog\/auge-2\/\"class=\"relpost-block-single\" ><div class=\"relpost-custom-block-single\"><div class=\"relpost-block-single-image rpt-lazyload\" aria-hidden=\"true\" role=\"img\" data-bg=\"https:\/\/www.michael-floessel.de\/mfblog\/wp-content\/uploads\/2019\/10\/auge2-1000x288.jpg\" style=\"background: transparent no-repeat scroll 0% 0%; width: 1000px; height: 288px; aspect-ratio: 16\/9;\"><\/div><div class=\"relpost-block-single-text\"  style=\"height: 75px;font-family: Arial;  font-size: 12px;  color: rgb(237,201,23);\"><h4 class=\"relpost_card_title\">Auge 2<\/h4><\/div><\/div><\/a><a href=\"https:\/\/www.michael-floessel.de\/mfblog\/guten-rutsch-in-richtung-2023\/\"class=\"relpost-block-single\" ><div class=\"relpost-custom-block-single\"><div class=\"relpost-block-single-image rpt-lazyload\" aria-hidden=\"true\" role=\"img\" data-bg=\"https:\/\/www.michael-floessel.de\/mfblog\/wp-content\/uploads\/2016\/12\/silv_b-1000x288.jpg\" style=\"background: transparent no-repeat scroll 0% 0%; width: 1000px; height: 288px; aspect-ratio: 16\/9;\"><\/div><div class=\"relpost-block-single-text\"  style=\"height: 75px;font-family: Arial;  font-size: 12px;  color: rgb(237,201,23);\"><h4 class=\"relpost_card_title\">Guten Rutsch in Richtung 2023<\/h4><\/div><\/div><\/a><a href=\"https:\/\/www.michael-floessel.de\/mfblog\/strom-benzin-kfz-versicherung\/\"class=\"relpost-block-single\" ><div class=\"relpost-custom-block-single\"><div class=\"relpost-block-single-image rpt-lazyload\" aria-hidden=\"true\" role=\"img\" data-bg=\"https:\/\/www.michael-floessel.de\/mfblog\/wp-content\/uploads\/2026\/04\/the-joker-pic-4-michael-floessel.de_.jpg\" style=\"background: transparent no-repeat scroll 0% 0%; width: 1000px; height: 288px; aspect-ratio: 16\/9;\"><\/div><div class=\"relpost-block-single-text\"  style=\"height: 75px;font-family: Arial;  font-size: 12px;  color: rgb(237,201,23);\"><h4 class=\"relpost_card_title\">Strom, Benzin, KFZ Versicherung<\/h4><\/div><\/div><\/a><\/div><!-- close relpost-block-container --><div style=\"clear: both\"><\/div><\/div><!-- close filter class --><\/div><!-- close relpost-thumb-wrapper -->","protected":false},"excerpt":{"rendered":"<p>O.K., eher was sentimentales und pers\u00f6nliches, hab&#8216; ich zuf\u00e4llig wiedergefunden. Das Foto, nicht das Fahrzeug&#8230; Mein erstes eigenes Auto, muss im Februar 1988 gewesen sein, ich glaube er war Bj. 1974 oder so. Hat nur 2 Monate gedauert, da hatte &hellip; <a href=\"https:\/\/www.michael-floessel.de\/mfblog\/personliches-das-erste-auto\/\">Weiterlesen <span class=\"meta-nav\">&rarr;<\/span><\/a><\/p>\n","protected":false},"author":2,"featured_media":6671,"comment_status":"open","ping_status":"open","sticky":false,"template":"","format":"standard","meta":{"_monsterinsights_skip_tracking":false,"_monsterinsights_sitenote_active":false,"_monsterinsights_sitenote_note":"","_monsterinsights_sitenote_category":0,"footnotes":""},"categories":[9,156,8],"tags":[1003,1002,1001],"class_list":["post-6670","post","type-post","status-publish","format-standard","has-post-thumbnail","hentry","category-bilder","category-nix-technisches-und-aus-dem-realen-leben","category-personliches","tag-1003","tag-1002","tag-bmw"],"aioseo_notices":[],"_links":{"self":[{"href":"https:\/\/www.michael-floessel.de\/mfblog\/wp-json\/wp\/v2\/posts\/6670","targetHints":{"allow":["GET"]}}],"collection":[{"href":"https:\/\/www.michael-floessel.de\/mfblog\/wp-json\/wp\/v2\/posts"}],"about":[{"href":"https:\/\/www.michael-floessel.de\/mfblog\/wp-json\/wp\/v2\/types\/post"}],"author":[{"embeddable":true,"href":"https:\/\/www.michael-floessel.de\/mfblog\/wp-json\/wp\/v2\/users\/2"}],"replies":[{"embeddable":true,"href":"https:\/\/www.michael-floessel.de\/mfblog\/wp-json\/wp\/v2\/comments?post=6670"}],"version-history":[{"count":0,"href":"https:\/\/www.michael-floessel.de\/mfblog\/wp-json\/wp\/v2\/posts\/6670\/revisions"}],"wp:featuredmedia":[{"embeddable":true,"href":"https:\/\/www.michael-floessel.de\/mfblog\/wp-json\/wp\/v2\/media\/6671"}],"wp:attachment":[{"href":"https:\/\/www.michael-floessel.de\/mfblog\/wp-json\/wp\/v2\/media?parent=6670"}],"wp:term":[{"taxonomy":"category","embeddable":true,"href":"https:\/\/www.michael-floessel.de\/mfblog\/wp-json\/wp\/v2\/categories?post=6670"},{"taxonomy":"post_tag","embeddable":true,"href":"https:\/\/www.michael-floessel.de\/mfblog\/wp-json\/wp\/v2\/tags?post=6670"}],"curies":[{"name":"wp","href":"https:\/\/api.w.org\/{rel}","templated":true}]}}